{"id":53251,"date":"2023-07-01T13:46:05","date_gmt":"2023-07-01T16:46:05","guid":{"rendered":"https:\/\/maricatotal.com.br\/site\/?p=53251"},"modified":"2023-07-17T14:20:30","modified_gmt":"2023-07-17T17:20:30","slug":"shows-do-arraia-de-marica-em-itaipuacu-serao-na-rua-66-saiba-como-chegar","status":"publish","type":"post","link":"https:\/\/maricatotal.com.br\/site\/2023\/07\/01\/shows-do-arraia-de-marica-em-itaipuacu-serao-na-rua-66-saiba-como-chegar\/","title":{"rendered":"Shows do Arrai\u00e1 de Maric\u00e1 em Itaipua\u00e7u ser\u00e3o na Rua 66; Saiba como chegar"},"content":{"rendered":"\n<p>O Arrai\u00e1 de Maric\u00e1 trar\u00e1 uma s\u00e9rie de shows ao bairro de Itaipua\u00e7u nesta sexta-feira, 30, e nos dois finais de semana seguintes. O palco do evento, que contar\u00e1 com atra\u00e7\u00f5es como Almir Sater e Lucas Lucco, foi montado em um espa\u00e7o de aproximadamente 8 mil metros quadrados na Rua 66, gerando preocupa\u00e7\u00e3o entre o p\u00fablico em rela\u00e7\u00e3o \u00e0 capacidade do local.<\/p>\n\n\n\n<p>A Empresa P\u00fablica de Transportes (EPT) aumentar\u00e1 o n\u00famero de \u00f4nibus &#8220;Vermelhinhos&#8221; que ir\u00e3o at\u00e9 a regi\u00e3o para facilitar a locomo\u00e7\u00e3o. Moradores e turistas podem chegar ao local pela Rua 35 ou pela Rua 34, sendo recomendado que os motoristas optem pela Estrada dos Cajueiros.<\/p>\n\n\n\n<p>Confira a programa\u00e7\u00e3o completa do palco em Itaipua\u00e7u:<\/p>\n\n\n\n<p>Sexta-feira (30\/06)<\/p>\n\n\n\n<ul class=\"wp-block-list\">\n<li>20h: Maiara Coboski<\/li>\n\n\n\n<li>21h30: Quadrilha<\/li>\n\n\n\n<li>22h30: Junior e Gustavo<\/li>\n<\/ul>\n\n\n\n<p>S\u00e1bado (01\/07)<\/p>\n\n\n\n<ul class=\"wp-block-list\">\n<li>19h: Quadrilha<\/li>\n\n\n\n<li>20h: Betinho Bahia<\/li>\n\n\n\n<li>22h30: Almir Sater<\/li>\n<\/ul>\n\n\n\n<p>Domingo (02\/07)<\/p>\n\n\n\n<ul class=\"wp-block-list\">\n<li>19h: Quadrilha<\/li>\n\n\n\n<li>20h: Forr\u00f3 Brasil<\/li>\n\n\n\n<li>22h30: Jo\u00e3o Gabriel<\/li>\n<\/ul>\n\n\n\n<p>Sexta-feira (07\/07)<\/p>\n\n\n\n<ul class=\"wp-block-list\">\n<li>20h: Bom Demais<\/li>\n\n\n\n<li>21h30: Quadrilha<\/li>\n\n\n\n<li>22h30: L\u00e9o Lima<\/li>\n<\/ul>\n\n\n\n<p>S\u00e1bado (08\/07)<\/p>\n\n\n\n<ul class=\"wp-block-list\">\n<li>19h: Quadrilha<\/li>\n\n\n\n<li>20h: Moniquinha<\/li>\n\n\n\n<li>22h30: Lucas Lucco<\/li>\n<\/ul>\n\n\n\n<p>Domingo (09\/07)<\/p>\n\n\n\n<ul class=\"wp-block-list\">\n<li>20h: Raquel Fonseca<\/li>\n\n\n\n<li>21h30: Quadrilha<\/li>\n\n\n\n<li>22h30: Glauco Zulo<\/li>\n<\/ul>\n","protected":false},"excerpt":{"rendered":"<p>O Arrai\u00e1 de Maric\u00e1 trar\u00e1 uma s\u00e9rie de shows ao bairro de Itaipua\u00e7u nesta sexta-feira, 30, e nos dois finais<\/p>\n","protected":false},"author":1,"featured_media":53253,"comment_status":"open","ping_status":"open","sticky":false,"template":"","format":"standard","meta":{"colormag_page_container_layout":"default_layout","colormag_page_sidebar_layout":"default_layout","footnotes":""},"categories":[14,18],"tags":[],"class_list":["post-53251","post","type-post","status-publish","format-standard","has-post-thumbnail","hentry","category-bairros","category-entretenimento"],"amp_enabled":true,"_links":{"self":[{"href":"https:\/\/maricatotal.com.br\/site\/wp-json\/wp\/v2\/posts\/53251","targetHints":{"allow":["GET"]}}],"collection":[{"href":"https:\/\/maricatotal.com.br\/site\/wp-json\/wp\/v2\/posts"}],"about":[{"href":"https:\/\/maricatotal.com.br\/site\/wp-json\/wp\/v2\/types\/post"}],"author":[{"embeddable":true,"href":"https:\/\/maricatotal.com.br\/site\/wp-json\/wp\/v2\/users\/1"}],"replies":[{"embeddable":true,"href":"https:\/\/maricatotal.com.br\/site\/wp-json\/wp\/v2\/comments?post=53251"}],"version-history":[{"count":1,"href":"https:\/\/maricatotal.com.br\/site\/wp-json\/wp\/v2\/posts\/53251\/revisions"}],"predecessor-version":[{"id":53254,"href":"https:\/\/maricatotal.com.br\/site\/wp-json\/wp\/v2\/posts\/53251\/revisions\/53254"}],"wp:featuredmedia":[{"embeddable":true,"href":"https:\/\/maricatotal.com.br\/site\/wp-json\/wp\/v2\/media\/53253"}],"wp:attachment":[{"href":"https:\/\/maricatotal.com.br\/site\/wp-json\/wp\/v2\/media?parent=53251"}],"wp:term":[{"taxonomy":"category","embeddable":true,"href":"https:\/\/maricatotal.com.br\/site\/wp-json\/wp\/v2\/categories?post=53251"},{"taxonomy":"post_tag","embeddable":true,"href":"https:\/\/maricatotal.com.br\/site\/wp-json\/wp\/v2\/tags?post=53251"}],"curies":[{"name":"wp","href":"https:\/\/api.w.org\/{rel}","templated":true}]}}