{"id":53262,"date":"2023-07-01T16:40:45","date_gmt":"2023-07-01T19:40:45","guid":{"rendered":"https:\/\/maricatotal.com.br\/site\/?p=53262"},"modified":"2023-07-17T14:20:53","modified_gmt":"2023-07-17T17:20:53","slug":"jovem-tenta-matar-a-avo-a-facadas","status":"publish","type":"post","link":"https:\/\/maricatotal.com.br\/site\/2023\/07\/01\/jovem-tenta-matar-a-avo-a-facadas\/","title":{"rendered":"Jovem tenta matar a av\u00f3 a facadas"},"content":{"rendered":"\n<p>Um jovem de 16 anos foi preso em flagrante por tentativa de homic\u00eddio ap\u00f3s esfaquear a av\u00f3, de 55 anos, seis vezes enquanto sua namorada, de 15 anos, a enforcava. O crime ocorreu em uma resid\u00eancia no bairro de Niter\u00f3i, regi\u00e3o metropolitana do Rio de Janeiro.<\/p>\n\n\n\n<p>Segundo relatos, a v\u00edtima conseguiu se desvencilhar e fugir pela janela de sua casa, chamando a ajuda de um vizinho que a socorreu e acionou a pol\u00edcia militar (PM). O neto tentou fugir, mas foi alcan\u00e7ado e preso pela PM.<\/p>\n\n\n\n<p>A av\u00f3 foi encaminhada para o hospital com ferimentos graves e est\u00e1 em tratamento. Os agressores foram levados para a delegacia da regi\u00e3o e est\u00e3o sob cust\u00f3dia da justi\u00e7a.<\/p>\n","protected":false},"excerpt":{"rendered":"<p>Um jovem de 16 anos foi preso em flagrante por tentativa de homic\u00eddio ap\u00f3s esfaquear a av\u00f3, de 55 anos,<\/p>\n","protected":false},"author":1,"featured_media":53264,"comment_status":"open","ping_status":"open","sticky":false,"template":"","format":"standard","meta":{"colormag_page_container_layout":"default_layout","colormag_page_sidebar_layout":"default_layout","footnotes":""},"categories":[14,1],"tags":[],"class_list":["post-53262","post","type-post","status-publish","format-standard","has-post-thumbnail","hentry","category-bairros","category-noticias"],"amp_enabled":true,"_links":{"self":[{"href":"https:\/\/maricatotal.com.br\/site\/wp-json\/wp\/v2\/posts\/53262","targetHints":{"allow":["GET"]}}],"collection":[{"href":"https:\/\/maricatotal.com.br\/site\/wp-json\/wp\/v2\/posts"}],"about":[{"href":"https:\/\/maricatotal.com.br\/site\/wp-json\/wp\/v2\/types\/post"}],"author":[{"embeddable":true,"href":"https:\/\/maricatotal.com.br\/site\/wp-json\/wp\/v2\/users\/1"}],"replies":[{"embeddable":true,"href":"https:\/\/maricatotal.com.br\/site\/wp-json\/wp\/v2\/comments?post=53262"}],"version-history":[{"count":1,"href":"https:\/\/maricatotal.com.br\/site\/wp-json\/wp\/v2\/posts\/53262\/revisions"}],"predecessor-version":[{"id":53265,"href":"https:\/\/maricatotal.com.br\/site\/wp-json\/wp\/v2\/posts\/53262\/revisions\/53265"}],"wp:featuredmedia":[{"embeddable":true,"href":"https:\/\/maricatotal.com.br\/site\/wp-json\/wp\/v2\/media\/53264"}],"wp:attachment":[{"href":"https:\/\/maricatotal.com.br\/site\/wp-json\/wp\/v2\/media?parent=53262"}],"wp:term":[{"taxonomy":"category","embeddable":true,"href":"https:\/\/maricatotal.com.br\/site\/wp-json\/wp\/v2\/categories?post=53262"},{"taxonomy":"post_tag","embeddable":true,"href":"https:\/\/maricatotal.com.br\/site\/wp-json\/wp\/v2\/tags?post=53262"}],"curies":[{"name":"wp","href":"https:\/\/api.w.org\/{rel}","templated":true}]}}