{"id":53487,"date":"2023-07-08T16:15:22","date_gmt":"2023-07-08T19:15:22","guid":{"rendered":"https:\/\/maricatotal.com.br\/site\/?p=53487"},"modified":"2023-07-17T14:42:48","modified_gmt":"2023-07-17T17:42:48","slug":"agente-de-transito-fica-ferido-em-colisao-entre-moto-e-carro-no-flamengo","status":"publish","type":"post","link":"https:\/\/maricatotal.com.br\/site\/2023\/07\/08\/agente-de-transito-fica-ferido-em-colisao-entre-moto-e-carro-no-flamengo\/","title":{"rendered":"Agente de tr\u00e2nsito fica ferido em colis\u00e3o entre moto e carro no Flamengo"},"content":{"rendered":"\n<p>Durante a tarde deste s\u00e1bado, 08, na Avenida Roberto Silveira, no bairro do Flamengo, em Maric\u00e1, um agente de tr\u00e2nsito identificado como Paulo Vitor ficou ferido ap\u00f3s um acidente entre uma moto e um carro.<\/p>\n\n\n\n<p>O incidente ocorreu por volta das 13h30, pr\u00f3ximo \u00e0 Arena Flamengo. Segundo relatos, o motociclista estava transitando pela via quando foi surpreendido por um carro que realizou uma manobra repentina para fazer uma convers\u00e3o.<\/p>\n\n\n\n<p>Paulo Vitor, o piloto da moto, n\u00e3o conseguiu frear a tempo e colidiu violentamente com o carro. Como resultado do impacto, ele ficou ferido e foi necess\u00e1rio acionar o socorro m\u00e9dico.<\/p>\n\n\n\n<p>Uma equipe do Servi\u00e7o de Atendimento M\u00f3vel de Urg\u00eancia (SAMU) foi rapidamente enviada ao local para realizar os procedimentos de primeiros socorros. Em seguida, Paulo Vitor foi encaminhado para o Hospital Che Guevara, em S\u00e3o Jos\u00e9 do Imbassa\u00ed, onde recebeu atendimento m\u00e9dico adequado.<\/p>\n","protected":false},"excerpt":{"rendered":"<p>Durante a tarde deste s\u00e1bado, 08, na Avenida Roberto Silveira, no bairro do Flamengo, em Maric\u00e1, um agente de tr\u00e2nsito<\/p>\n","protected":false},"author":1,"featured_media":53489,"comment_status":"open","ping_status":"open","sticky":false,"template":"","format":"standard","meta":{"colormag_page_container_layout":"default_layout","colormag_page_sidebar_layout":"default_layout","footnotes":""},"categories":[1,16],"tags":[],"class_list":["post-53487","post","type-post","status-publish","format-standard","has-post-thumbnail","hentry","category-noticias","category-transito"],"amp_enabled":true,"_links":{"self":[{"href":"https:\/\/maricatotal.com.br\/site\/wp-json\/wp\/v2\/posts\/53487","targetHints":{"allow":["GET"]}}],"collection":[{"href":"https:\/\/maricatotal.com.br\/site\/wp-json\/wp\/v2\/posts"}],"about":[{"href":"https:\/\/maricatotal.com.br\/site\/wp-json\/wp\/v2\/types\/post"}],"author":[{"embeddable":true,"href":"https:\/\/maricatotal.com.br\/site\/wp-json\/wp\/v2\/users\/1"}],"replies":[{"embeddable":true,"href":"https:\/\/maricatotal.com.br\/site\/wp-json\/wp\/v2\/comments?post=53487"}],"version-history":[{"count":1,"href":"https:\/\/maricatotal.com.br\/site\/wp-json\/wp\/v2\/posts\/53487\/revisions"}],"predecessor-version":[{"id":53490,"href":"https:\/\/maricatotal.com.br\/site\/wp-json\/wp\/v2\/posts\/53487\/revisions\/53490"}],"wp:featuredmedia":[{"embeddable":true,"href":"https:\/\/maricatotal.com.br\/site\/wp-json\/wp\/v2\/media\/53489"}],"wp:attachment":[{"href":"https:\/\/maricatotal.com.br\/site\/wp-json\/wp\/v2\/media?parent=53487"}],"wp:term":[{"taxonomy":"category","embeddable":true,"href":"https:\/\/maricatotal.com.br\/site\/wp-json\/wp\/v2\/categories?post=53487"},{"taxonomy":"post_tag","embeddable":true,"href":"https:\/\/maricatotal.com.br\/site\/wp-json\/wp\/v2\/tags?post=53487"}],"curies":[{"name":"wp","href":"https:\/\/api.w.org\/{rel}","templated":true}]}}