{"id":53682,"date":"2023-07-14T12:25:56","date_gmt":"2023-07-14T15:25:56","guid":{"rendered":"https:\/\/maricatotal.com.br\/site\/?p=53682"},"modified":"2023-07-17T14:51:37","modified_gmt":"2023-07-17T17:51:37","slug":"marica-implementa-alvara-automatizado-para-empresas-a-partir-de-quinta-feira-13","status":"publish","type":"post","link":"https:\/\/maricatotal.com.br\/site\/2023\/07\/14\/marica-implementa-alvara-automatizado-para-empresas-a-partir-de-quinta-feira-13\/","title":{"rendered":"Maric\u00e1 implementa alvar\u00e1 automatizado para empresas a partir de quinta-feira (13)"},"content":{"rendered":"\n<p>A partir de 13 de julho, a Prefeitura de Maric\u00e1, em parceria com a Junta Comercial do Estado do Rio de Janeiro (Jucerja), passar\u00e1 a oferecer o alvar\u00e1 automatizado para abertura de novas empresas no munic\u00edpio. Com essa moderniza\u00e7\u00e3o, as empresas classificadas como de baixo e baix\u00edssimo risco ter\u00e3o seu alvar\u00e1 emitido automaticamente pela Jucerja logo ap\u00f3s o registro dos atos empresariais.<\/p>\n\n\n\n<p>Essa iniciativa busca agilizar o processo de abertura e altera\u00e7\u00e3o de empresas em Maric\u00e1, estimulando a cria\u00e7\u00e3o de novos empreendimentos, a gera\u00e7\u00e3o de empregos e o desenvolvimento econ\u00f4mico do munic\u00edpio. Anteriormente, para obter um alvar\u00e1 f\u00edsico, as empresas de baixo e baix\u00edssimo risco levavam aproximadamente 17 horas, entre a solicita\u00e7\u00e3o, an\u00e1lise e libera\u00e7\u00e3o.<\/p>\n\n\n\n<p>Em 2022, Maric\u00e1 foi considerada a 8\u00aa cidade mais \u00e1gil do estado do Rio de Janeiro para abrir uma empresa, levando em m\u00e9dia cerca de 17 horas, de acordo com o Mapa de Empresas do Governo Federal. Esse tempo foi reduzido em 57% em rela\u00e7\u00e3o a 2021, quando o procedimento levava cerca de 40 horas. A m\u00e9dia nacional \u00e9 de aproximadamente 35 horas.<\/p>\n\n\n\n<p>A implanta\u00e7\u00e3o do alvar\u00e1 automatizado foi poss\u00edvel gra\u00e7as a um termo de coopera\u00e7\u00e3o assinado entre o prefeito Fabiano Horta e a Jucerja. O processo de adapta\u00e7\u00e3o dos sistemas internos da Fazenda permitiu a automa\u00e7\u00e3o do documento.<\/p>\n\n\n\n<p>Para os contribuintes, n\u00e3o haver\u00e1 mudan\u00e7as significativas no processo de solicita\u00e7\u00e3o do alvar\u00e1. A diferen\u00e7a estar\u00e1 no ganho de tempo, pois o documento poder\u00e1 ser obtido de forma mais r\u00e1pida atrav\u00e9s do Sistema de Registro Integrado (Regin), que integra os \u00f3rg\u00e3os federais e estaduais, como a Receita Federal, a Secretaria Estadual de Fazenda, o Corpo de Bombeiros, o INEA e a Vigil\u00e2ncia Sanit\u00e1ria, al\u00e9m das 92 prefeituras do Estado do Rio de Janeiro. O munic\u00edpio de Maric\u00e1 j\u00e1 est\u00e1 integrado ao sistema e possui uma Delegacia da Junta Comercial localizada no pr\u00e9dio do SIM Centro.<\/p>\n","protected":false},"excerpt":{"rendered":"<p>A partir de 13 de julho, a Prefeitura de Maric\u00e1, em parceria com a Junta Comercial do Estado do Rio<\/p>\n","protected":false},"author":1,"featured_media":53684,"comment_status":"open","ping_status":"open","sticky":false,"template":"","format":"standard","meta":{"colormag_page_container_layout":"default_layout","colormag_page_sidebar_layout":"default_layout","footnotes":""},"categories":[18,17],"tags":[],"class_list":["post-53682","post","type-post","status-publish","format-standard","has-post-thumbnail","hentry","category-entretenimento","category-politica"],"amp_enabled":true,"_links":{"self":[{"href":"https:\/\/maricatotal.com.br\/site\/wp-json\/wp\/v2\/posts\/53682","targetHints":{"allow":["GET"]}}],"collection":[{"href":"https:\/\/maricatotal.com.br\/site\/wp-json\/wp\/v2\/posts"}],"about":[{"href":"https:\/\/maricatotal.com.br\/site\/wp-json\/wp\/v2\/types\/post"}],"author":[{"embeddable":true,"href":"https:\/\/maricatotal.com.br\/site\/wp-json\/wp\/v2\/users\/1"}],"replies":[{"embeddable":true,"href":"https:\/\/maricatotal.com.br\/site\/wp-json\/wp\/v2\/comments?post=53682"}],"version-history":[{"count":1,"href":"https:\/\/maricatotal.com.br\/site\/wp-json\/wp\/v2\/posts\/53682\/revisions"}],"predecessor-version":[{"id":53685,"href":"https:\/\/maricatotal.com.br\/site\/wp-json\/wp\/v2\/posts\/53682\/revisions\/53685"}],"wp:featuredmedia":[{"embeddable":true,"href":"https:\/\/maricatotal.com.br\/site\/wp-json\/wp\/v2\/media\/53684"}],"wp:attachment":[{"href":"https:\/\/maricatotal.com.br\/site\/wp-json\/wp\/v2\/media?parent=53682"}],"wp:term":[{"taxonomy":"category","embeddable":true,"href":"https:\/\/maricatotal.com.br\/site\/wp-json\/wp\/v2\/categories?post=53682"},{"taxonomy":"post_tag","embeddable":true,"href":"https:\/\/maricatotal.com.br\/site\/wp-json\/wp\/v2\/tags?post=53682"}],"curies":[{"name":"wp","href":"https:\/\/api.w.org\/{rel}","templated":true}]}}