{"id":54329,"date":"2023-07-26T23:06:56","date_gmt":"2023-07-27T02:06:56","guid":{"rendered":"https:\/\/maricatotal.com.br\/site\/?p=54329"},"modified":"2023-07-26T23:06:57","modified_gmt":"2023-07-27T02:06:57","slug":"moradores-do-jardim-atlantico-central-denunciam-obra-inacabada-com-risco-de-acidente","status":"publish","type":"post","link":"https:\/\/maricatotal.com.br\/site\/2023\/07\/26\/moradores-do-jardim-atlantico-central-denunciam-obra-inacabada-com-risco-de-acidente\/","title":{"rendered":"Moradores do Jardim Atl\u00e2ntico central denunciam obra inacabada com risco de acidente"},"content":{"rendered":"\n<p>Moradores do Jardim Atl\u00e2ntico central entraram em contato com a equipe  do Maric\u00e1 Total para relatar uma preocupante situa\u00e7\u00e3o envolvendo uma  obra inacabada que pode acarretar em acidentes. A rua 39, entre as ruas  56 e 57, foi recentemente asfaltada, por\u00e9m, uma \u00e1rvore est\u00e1 impedindo o  tr\u00e1fego completo na via. <\/p>\n\n\n\n<p>Essa condi\u00e7\u00e3o n\u00e3o apenas dificulta a vis\u00e3o dos  motoristas, mas tamb\u00e9m a passagem dos ve\u00edculos, criando um cen\u00e1rio  potencialmente perigoso para os moradores e transeuntes. <\/p>\n\n\n\n<figure class=\"wp-block-image size-large is-resized\"><img loading=\"lazy\" decoding=\"async\" src=\"https:\/\/maricatotal.com.br\/site\/wp-content\/uploads\/2023\/07\/WhatsApp-Image-2023-07-26-at-17.02.591-768x1024.jpeg\" alt=\"\" class=\"wp-image-54332\" width=\"217\" height=\"289\" srcset=\"https:\/\/maricatotal.com.br\/site\/wp-content\/uploads\/2023\/07\/WhatsApp-Image-2023-07-26-at-17.02.591-768x1024.jpeg 768w, https:\/\/maricatotal.com.br\/site\/wp-content\/uploads\/2023\/07\/WhatsApp-Image-2023-07-26-at-17.02.591-225x300.jpeg 225w, https:\/\/maricatotal.com.br\/site\/wp-content\/uploads\/2023\/07\/WhatsApp-Image-2023-07-26-at-17.02.591-1152x1536.jpeg 1152w, https:\/\/maricatotal.com.br\/site\/wp-content\/uploads\/2023\/07\/WhatsApp-Image-2023-07-26-at-17.02.591.jpeg 1200w\" sizes=\"auto, (max-width: 217px) 100vw, 217px\" \/><\/figure>\n","protected":false},"excerpt":{"rendered":"<p>Moradores do Jardim Atl\u00e2ntico central entraram em contato com a equipe do Maric\u00e1 Total para relatar uma preocupante situa\u00e7\u00e3o envolvendo<\/p>\n","protected":false},"author":1,"featured_media":54331,"comment_status":"open","ping_status":"open","sticky":false,"template":"","format":"standard","meta":{"colormag_page_container_layout":"default_layout","colormag_page_sidebar_layout":"default_layout","footnotes":""},"categories":[14,17],"tags":[],"class_list":["post-54329","post","type-post","status-publish","format-standard","has-post-thumbnail","hentry","category-bairros","category-politica"],"amp_enabled":true,"_links":{"self":[{"href":"https:\/\/maricatotal.com.br\/site\/wp-json\/wp\/v2\/posts\/54329","targetHints":{"allow":["GET"]}}],"collection":[{"href":"https:\/\/maricatotal.com.br\/site\/wp-json\/wp\/v2\/posts"}],"about":[{"href":"https:\/\/maricatotal.com.br\/site\/wp-json\/wp\/v2\/types\/post"}],"author":[{"embeddable":true,"href":"https:\/\/maricatotal.com.br\/site\/wp-json\/wp\/v2\/users\/1"}],"replies":[{"embeddable":true,"href":"https:\/\/maricatotal.com.br\/site\/wp-json\/wp\/v2\/comments?post=54329"}],"version-history":[{"count":1,"href":"https:\/\/maricatotal.com.br\/site\/wp-json\/wp\/v2\/posts\/54329\/revisions"}],"predecessor-version":[{"id":54333,"href":"https:\/\/maricatotal.com.br\/site\/wp-json\/wp\/v2\/posts\/54329\/revisions\/54333"}],"wp:featuredmedia":[{"embeddable":true,"href":"https:\/\/maricatotal.com.br\/site\/wp-json\/wp\/v2\/media\/54331"}],"wp:attachment":[{"href":"https:\/\/maricatotal.com.br\/site\/wp-json\/wp\/v2\/media?parent=54329"}],"wp:term":[{"taxonomy":"category","embeddable":true,"href":"https:\/\/maricatotal.com.br\/site\/wp-json\/wp\/v2\/categories?post=54329"},{"taxonomy":"post_tag","embeddable":true,"href":"https:\/\/maricatotal.com.br\/site\/wp-json\/wp\/v2\/tags?post=54329"}],"curies":[{"name":"wp","href":"https:\/\/api.w.org\/{rel}","templated":true}]}}