{"id":54543,"date":"2023-08-01T12:06:38","date_gmt":"2023-08-01T15:06:38","guid":{"rendered":"https:\/\/maricatotal.com.br\/site\/?p=54543"},"modified":"2023-08-01T12:06:38","modified_gmt":"2023-08-01T15:06:38","slug":"inscricoes-para-o-bolsa-mumbuca-devem-abrir-ate-dezembroconfira-a-documentacao","status":"publish","type":"post","link":"https:\/\/maricatotal.com.br\/site\/2023\/08\/01\/inscricoes-para-o-bolsa-mumbuca-devem-abrir-ate-dezembroconfira-a-documentacao\/","title":{"rendered":"Inscri\u00e7\u00f5es para o &#8220;Bolsa Mumbuca&#8221; devem abrir at\u00e9 Dezembro;confira a documenta\u00e7\u00e3o"},"content":{"rendered":"\n<p>Os programas sociais de Maric\u00e1 (RJ) t\u00eam sido destaque e s\u00e3o seguidos por muitas cidades no Estado do Rio de Janeiro. Um desses programas \u00e9 o &#8216;Renda B\u00e1sica da Cidadania&#8217;, conhecido como &#8216;Bolsa Mumbuca&#8217;, criado em dezembro de 2013.<div id=\"__next\"><div class=\"overflow-hidden w-full h-full relative flex z-0\"><div class=\"relative flex h-full max-w-full flex-1 overflow-hidden\"><div class=\"flex h-full max-w-full flex-1 flex-col\"><main class=\"relative h-full w-full transition-width flex flex-col overflow-auto items-stretch flex-1\"><div class=\"flex-1 overflow-hidden\"><div class=\"react-scroll-to-bottom--css-tqeia-79elbk h-full dark:bg-gray-800\"><div class=\"react-scroll-to-bottom--css-tqeia-1n7m0yu\"><div class=\"flex flex-col text-sm dark:bg-gray-800\"><div class=\"group w-full text-gray-800 dark:text-gray-100 border-b border-black\/10 dark:border-gray-900\/50 bg-gray-50 dark:bg-[#444654]\"><div class=\"flex p-4 gap-4 text-base md:gap-6 md:max-w-2xl lg:max-w-[38rem] xl:max-w-3xl md:py-6 lg:px-0 m-auto\"><div class=\"relative flex w-[calc(100%-50px)] flex-col gap-1 md:gap-3 lg:w-[calc(100%-115px)]\"><div class=\"flex flex-grow flex-col gap-3\"><div class=\"min-h-[20px] flex items-start overflow-x-auto whitespace-pre-wrap break-words\"><div class=\"markdown prose w-full break-words dark:prose-invert light\"><p>Atualmente, mais de 40 mil moradores de Maric\u00e1 recebem o benef\u00edcio, que atualmente est\u00e1 em R$170 mensais e iniciou com R$70 no come\u00e7o do programa, com a expectativa de chegar a R$300 em 2016, algo que n\u00e3o aconteceu. Muitas fam\u00edlias recebem o benef\u00edcio, mas a maioria ainda n\u00e3o conseguiu se cadastrar no programa, j\u00e1 que a \u00faltima inscri\u00e7\u00e3o foi aberta em novembro de 2019.<\/p><p>A prefeitura de Maric\u00e1 informa que, antes de abrir o per\u00edodo de inscri\u00e7\u00f5es para novos benefici\u00e1rios, haver\u00e1 um recadastramento dos que j\u00e1 recebem o Renda B\u00e1sica da Cidadania atrav\u00e9s do Banco Mumbuca. A previs\u00e3o \u00e9 de que as inscri\u00e7\u00f5es abram at\u00e9 dezembro de 2023, j\u00e1 que 2024 \u00e9 ano eleitoral e n\u00e3o se pode conceder benef\u00edcios. De antem\u00e3o, trazemos quais documentos ser\u00e3o solicitados quando as inscri\u00e7\u00f5es forem abertas, para que voc\u00ea n\u00e3o seja pego de surpresa.<\/p><p>Normalmente, a documenta\u00e7\u00e3o exigida pela Secretaria de Economia Solid\u00e1ria para a inscri\u00e7\u00e3o no &#8216;Bolsa Mumbuca&#8217; \u00e9:<\/p><ul><li>Inscri\u00e7\u00e3o atualizada no Cadastro \u00danico (Cad\u00danico), feita em um CRAS (Centro de Refer\u00eancia em Assist\u00eancia Social) no munic\u00edpio de Maric\u00e1 (RJ);<\/li><li>C\u00f3pia de Identidade, CPF e Certid\u00e3o de Nascimento ou Casamento;<\/li><li>N\u00famero de Identifica\u00e7\u00e3o Social (NIS) [NIS e PIS compartilham o mesmo n\u00famero];<\/li><li>Comprovante de resid\u00eancia atualizado;<\/li><li>Comprovante de resid\u00eancia que comprove moradia em Maric\u00e1 h\u00e1 no m\u00ednimo tr\u00eas anos;<\/li><li>Em caso de aposentadoria: extrato do benef\u00edcio do INSS;<\/li><li>Em caso de filhos: c\u00f3pia da certid\u00e3o de nascimento e cart\u00e3o de vacina\u00e7\u00e3o (se menor de 5 anos de idade) \/ Se maior de 5 anos, apresentar declara\u00e7\u00e3o escolar atualizada;<\/li><li>Em caso de gestante: apresentar cart\u00e3o do pr\u00e9-natal.<\/li><\/ul><\/div><\/div><\/div><\/div><\/div><\/div><\/div><\/div><\/div><\/div><\/main><\/div><\/div><\/div><\/div><\/p>\n","protected":false},"excerpt":{"rendered":"<p>Os programas sociais de Maric\u00e1 (RJ) t\u00eam sido destaque e s\u00e3o seguidos por muitas cidades no Estado do Rio de<\/p>\n","protected":false},"author":1,"featured_media":2641,"comment_status":"open","ping_status":"open","sticky":false,"template":"","format":"standard","meta":{"colormag_page_container_layout":"default_layout","colormag_page_sidebar_layout":"default_layout","footnotes":""},"categories":[17],"tags":[],"class_list":["post-54543","post","type-post","status-publish","format-standard","has-post-thumbnail","hentry","category-politica"],"amp_enabled":true,"_links":{"self":[{"href":"https:\/\/maricatotal.com.br\/site\/wp-json\/wp\/v2\/posts\/54543","targetHints":{"allow":["GET"]}}],"collection":[{"href":"https:\/\/maricatotal.com.br\/site\/wp-json\/wp\/v2\/posts"}],"about":[{"href":"https:\/\/maricatotal.com.br\/site\/wp-json\/wp\/v2\/types\/post"}],"author":[{"embeddable":true,"href":"https:\/\/maricatotal.com.br\/site\/wp-json\/wp\/v2\/users\/1"}],"replies":[{"embeddable":true,"href":"https:\/\/maricatotal.com.br\/site\/wp-json\/wp\/v2\/comments?post=54543"}],"version-history":[{"count":1,"href":"https:\/\/maricatotal.com.br\/site\/wp-json\/wp\/v2\/posts\/54543\/revisions"}],"predecessor-version":[{"id":54545,"href":"https:\/\/maricatotal.com.br\/site\/wp-json\/wp\/v2\/posts\/54543\/revisions\/54545"}],"wp:featuredmedia":[{"embeddable":true,"href":"https:\/\/maricatotal.com.br\/site\/wp-json\/wp\/v2\/media\/2641"}],"wp:attachment":[{"href":"https:\/\/maricatotal.com.br\/site\/wp-json\/wp\/v2\/media?parent=54543"}],"wp:term":[{"taxonomy":"category","embeddable":true,"href":"https:\/\/maricatotal.com.br\/site\/wp-json\/wp\/v2\/categories?post=54543"},{"taxonomy":"post_tag","embeddable":true,"href":"https:\/\/maricatotal.com.br\/site\/wp-json\/wp\/v2\/tags?post=54543"}],"curies":[{"name":"wp","href":"https:\/\/api.w.org\/{rel}","templated":true}]}}