{"id":54556,"date":"2023-08-01T14:50:17","date_gmt":"2023-08-01T17:50:17","guid":{"rendered":"https:\/\/maricatotal.com.br\/site\/?p=54556"},"modified":"2023-08-01T14:50:17","modified_gmt":"2023-08-01T17:50:17","slug":"pedra-do-macaco-e-o-destino-desta-edicao-do-circuito-ecologico-caminhos-de-marica","status":"publish","type":"post","link":"https:\/\/maricatotal.com.br\/site\/2023\/08\/01\/pedra-do-macaco-e-o-destino-desta-edicao-do-circuito-ecologico-caminhos-de-marica\/","title":{"rendered":"Pedra do Macaco \u00e9 o destino desta edi\u00e7\u00e3o do Circuito Ecol\u00f3gico Caminhos de Maric\u00e1"},"content":{"rendered":"\n<p><div id=\"__next\"><div class=\"overflow-hidden w-full h-full relative flex z-0\"><div class=\"relative flex h-full max-w-full flex-1 overflow-hidden\"><div class=\"flex h-full max-w-full flex-1 flex-col\"><main class=\"relative h-full w-full transition-width flex flex-col overflow-auto items-stretch flex-1\"><div class=\"flex-1 overflow-hidden\"><div class=\"react-scroll-to-bottom--css-tqeia-79elbk h-full dark:bg-gray-800\"><div class=\"react-scroll-to-bottom--css-tqeia-1n7m0yu\"><div class=\"flex flex-col text-sm dark:bg-gray-800\"><div class=\"group w-full text-gray-800 dark:text-gray-100 border-b border-black\/10 dark:border-gray-900\/50 bg-gray-50 dark:bg-[#444654]\"><div class=\"flex p-4 gap-4 text-base md:gap-6 md:max-w-2xl lg:max-w-[38rem] xl:max-w-3xl md:py-6 lg:px-0 m-auto\"><div class=\"relative flex w-[calc(100%-50px)] flex-col gap-1 md:gap-3 lg:w-[calc(100%-115px)]\"><div class=\"flex flex-grow flex-col gap-3\"><div class=\"min-h-[20px] flex items-start overflow-x-auto whitespace-pre-wrap break-words\"><div class=\"markdown prose w-full break-words dark:prose-invert light\"><p>A Prefeitura de Maric\u00e1, por meio da Secretaria de Turismo, realizar\u00e1 neste domingo (06\/08) mais uma etapa do Circuito Ecol\u00f3gico Caminhos de Maric\u00e1, com trilha em dire\u00e7\u00e3o \u00e0 Pedra do Macaco, em S\u00e3o Jos\u00e9 do Imbassa\u00ed. As inscri\u00e7\u00f5es ser\u00e3o iniciadas nesta quinta-feira (03\/08), a partir de 13h, por meio do link (<a href=\"https:\/\/forms.gle\/SjmiomigAXFDWHFZ8\" target=\"_new\" rel=\"noopener\">https:\/\/forms.gle\/SjmiomigAXFDWHFZ8<\/a>). Os detalhes da atividade, como ponto de encontro, hor\u00e1rio e recomenda\u00e7\u00f5es, ser\u00e3o enviados via e-mail, mensagem ou WhatsApp, ap\u00f3s a confirma\u00e7\u00e3o da inscri\u00e7\u00e3o.<\/p><p>O percurso, considerado de n\u00edvel m\u00e9dio, tem cerca de tr\u00eas horas de dura\u00e7\u00e3o, incluindo ida, parada e volta, al\u00e9m de trechos de corda e subida \u00edngreme. Do alto do cume, \u00e9 poss\u00edvel ver a Pedra de Ino\u00e3, as lagoas que beiram a orla mar\u00edtima, todo o litoral do munic\u00edpio e at\u00e9 as Ilhas Maric\u00e1.<\/p><p>\u00c9 importante que os participantes usem cal\u00e7a comprida, bon\u00e9 e cal\u00e7ado com travas e n\u00e3o deixem de levar \u00e1gua, lanche, protetor solar e repelente. Para mais informa\u00e7\u00f5es, basta ligar para a Coordena\u00e7\u00e3o de Ecoturismo, que atende no telefone: (21) 99744 \u2013 6410.<\/p><\/div><\/div><\/div><\/div><\/div><\/div><\/div><\/div><\/div><\/div><\/main><\/div><\/div><\/div><\/div><\/p>\n","protected":false},"excerpt":{"rendered":"<p>A Prefeitura de Maric\u00e1, por meio da Secretaria de Turismo, realizar\u00e1 neste domingo (06\/08) mais uma etapa do Circuito Ecol\u00f3gico<\/p>\n","protected":false},"author":1,"featured_media":54557,"comment_status":"open","ping_status":"open","sticky":false,"template":"","format":"standard","meta":{"colormag_page_container_layout":"default_layout","colormag_page_sidebar_layout":"default_layout","footnotes":""},"categories":[35,18],"tags":[],"class_list":["post-54556","post","type-post","status-publish","format-standard","has-post-thumbnail","hentry","category-top-stories","category-entretenimento"],"amp_enabled":true,"_links":{"self":[{"href":"https:\/\/maricatotal.com.br\/site\/wp-json\/wp\/v2\/posts\/54556","targetHints":{"allow":["GET"]}}],"collection":[{"href":"https:\/\/maricatotal.com.br\/site\/wp-json\/wp\/v2\/posts"}],"about":[{"href":"https:\/\/maricatotal.com.br\/site\/wp-json\/wp\/v2\/types\/post"}],"author":[{"embeddable":true,"href":"https:\/\/maricatotal.com.br\/site\/wp-json\/wp\/v2\/users\/1"}],"replies":[{"embeddable":true,"href":"https:\/\/maricatotal.com.br\/site\/wp-json\/wp\/v2\/comments?post=54556"}],"version-history":[{"count":1,"href":"https:\/\/maricatotal.com.br\/site\/wp-json\/wp\/v2\/posts\/54556\/revisions"}],"predecessor-version":[{"id":54559,"href":"https:\/\/maricatotal.com.br\/site\/wp-json\/wp\/v2\/posts\/54556\/revisions\/54559"}],"wp:featuredmedia":[{"embeddable":true,"href":"https:\/\/maricatotal.com.br\/site\/wp-json\/wp\/v2\/media\/54557"}],"wp:attachment":[{"href":"https:\/\/maricatotal.com.br\/site\/wp-json\/wp\/v2\/media?parent=54556"}],"wp:term":[{"taxonomy":"category","embeddable":true,"href":"https:\/\/maricatotal.com.br\/site\/wp-json\/wp\/v2\/categories?post=54556"},{"taxonomy":"post_tag","embeddable":true,"href":"https:\/\/maricatotal.com.br\/site\/wp-json\/wp\/v2\/tags?post=54556"}],"curies":[{"name":"wp","href":"https:\/\/api.w.org\/{rel}","templated":true}]}}