{"id":54561,"date":"2023-08-01T22:25:30","date_gmt":"2023-08-02T01:25:30","guid":{"rendered":"https:\/\/maricatotal.com.br\/site\/?p=54561"},"modified":"2023-08-01T22:25:31","modified_gmt":"2023-08-02T01:25:31","slug":"chegada-de-novas-aeronaves-multiplica-numero-de-voos-no-aeroporto-de-marica","status":"publish","type":"post","link":"https:\/\/maricatotal.com.br\/site\/2023\/08\/01\/chegada-de-novas-aeronaves-multiplica-numero-de-voos-no-aeroporto-de-marica\/","title":{"rendered":"Chegada de novas aeronaves multiplica n\u00famero de voos no aeroporto de Maric\u00e1"},"content":{"rendered":"\n<p><div id=\"__next\"><div class=\"overflow-hidden w-full h-full relative flex z-0\"><div class=\"relative flex h-full max-w-full flex-1 overflow-hidden\"><div class=\"flex h-full max-w-full flex-1 flex-col\"><main class=\"relative h-full w-full transition-width flex flex-col overflow-auto items-stretch flex-1\"><div class=\"flex-1 overflow-hidden\"><div class=\"react-scroll-to-bottom--css-nqtvx-79elbk h-full dark:bg-gray-800\"><div class=\"react-scroll-to-bottom--css-nqtvx-1n7m0yu\"><div class=\"flex flex-col text-sm dark:bg-gray-800\"><div class=\"group w-full text-gray-800 dark:text-gray-100 border-b border-black\/10 dark:border-gray-900\/50 bg-gray-50 dark:bg-[#444654]\"><div class=\"flex p-4 gap-4 text-base md:gap-6 md:max-w-2xl lg:max-w-[38rem] xl:max-w-3xl md:py-6 lg:px-0 m-auto\"><div class=\"relative flex w-[calc(100%-50px)] flex-col gap-1 md:gap-3 lg:w-[calc(100%-115px)]\"><div class=\"flex flex-grow flex-col gap-3\"><div class=\"min-h-[20px] flex items-start overflow-x-auto whitespace-pre-wrap break-words\"><div class=\"markdown prose w-full break-words dark:prose-invert light\"><p>A Prefeitura de Maric\u00e1, por meio da Companhia de Desenvolvimento de Maric\u00e1 (Codemar), comemorou a chegada do primeiro voo da L\u00edder T\u00e1xi A\u00e9reo no Aeroporto de Maric\u00e1, ocorrido nesta segunda-feira (31\/07). O novo helic\u00f3ptero da empresa, de m\u00e9dio porte AW-139, pousou na pista do aeroporto e foi celebrado com o tradicional batismo de jatos d\u2019\u00e1gua dos caminh\u00f5es do Corpo de Bombeiros.<\/p><p>A L\u00edder \u00e9 uma renomada empresa nacional que atende diversos investimentos no pa\u00eds, incluindo a Petrobras. A entrada da empresa no Aeroporto de Maric\u00e1 foi bem recebida e mostra o crescimento das opera\u00e7\u00f5es, que ter\u00e3o in\u00edcio oficialmente nesta ter\u00e7a-feira (01\/08), com voos para a plataforma da Bacia de Santos. Essa expans\u00e3o \u00e9 resultado da inclus\u00e3o do Aeroporto de Maric\u00e1 como uma das bases operacionais priorit\u00e1rias da Petrobras para o Campo de B\u00fazios, o maior da Bacia de Santos.<\/p><p>O presidente da Codemar, Hamilton Lacerda, destacou que a chegada da L\u00edder faz parte do planejamento para tornar o Aeroporto de Maric\u00e1 mais competitivo e atraente para atender tanto os clientes atuais quanto novos investidores. A cidade \u00e9 vista como um ponto estrat\u00e9gico para a Petrobras em rela\u00e7\u00e3o \u00e0s plataformas de petr\u00f3leo do posto de B\u00fazios, o que refor\u00e7ou a escolha da L\u00edder por Maric\u00e1.<\/p><p>Al\u00e9m da L\u00edder, a Omni T\u00e1xi A\u00e9reo tamb\u00e9m ampliar\u00e1 suas opera\u00e7\u00f5es no Aeroporto de Maric\u00e1 com mais quatro helic\u00f3pteros. Com a chegada dessas empresas, o n\u00famero de voos di\u00e1rios no aeroporto triplicar\u00e1, chegando a cerca de 25, e a quantidade de passageiros atingir\u00e1 aproximadamente 400 pessoas por dia.<\/p><p>Essa expans\u00e3o no Aeroporto de Maric\u00e1 impulsionar\u00e1 a economia local, aumentando o n\u00famero de h\u00f3spedes em pousadas e hot\u00e9is, al\u00e9m de gerar mais de 30 empregos para a m\u00e3o de obra maricaense nas opera\u00e7\u00f5es da L\u00edder T\u00e1xi A\u00e9reo. A expectativa \u00e9 de que o aeroporto se torne refer\u00eancia na Bacia de Santos, garantindo tamb\u00e9m maior seguran\u00e7a de voo em suas opera\u00e7\u00f5es.<\/p><\/div><\/div><\/div><\/div><\/div><\/div><\/div><\/div><\/div><\/div><\/main><\/div><\/div><\/div><\/div><\/p>\n","protected":false},"excerpt":{"rendered":"<p>A Prefeitura de Maric\u00e1, por meio da Companhia de Desenvolvimento de Maric\u00e1 (Codemar), comemorou a chegada do primeiro voo da<\/p>\n","protected":false},"author":1,"featured_media":54563,"comment_status":"open","ping_status":"open","sticky":false,"template":"","format":"standard","meta":{"colormag_page_container_layout":"default_layout","colormag_page_sidebar_layout":"default_layout","footnotes":""},"categories":[35,18],"tags":[],"class_list":["post-54561","post","type-post","status-publish","format-standard","has-post-thumbnail","hentry","category-top-stories","category-entretenimento"],"amp_enabled":true,"_links":{"self":[{"href":"https:\/\/maricatotal.com.br\/site\/wp-json\/wp\/v2\/posts\/54561","targetHints":{"allow":["GET"]}}],"collection":[{"href":"https:\/\/maricatotal.com.br\/site\/wp-json\/wp\/v2\/posts"}],"about":[{"href":"https:\/\/maricatotal.com.br\/site\/wp-json\/wp\/v2\/types\/post"}],"author":[{"embeddable":true,"href":"https:\/\/maricatotal.com.br\/site\/wp-json\/wp\/v2\/users\/1"}],"replies":[{"embeddable":true,"href":"https:\/\/maricatotal.com.br\/site\/wp-json\/wp\/v2\/comments?post=54561"}],"version-history":[{"count":1,"href":"https:\/\/maricatotal.com.br\/site\/wp-json\/wp\/v2\/posts\/54561\/revisions"}],"predecessor-version":[{"id":54564,"href":"https:\/\/maricatotal.com.br\/site\/wp-json\/wp\/v2\/posts\/54561\/revisions\/54564"}],"wp:featuredmedia":[{"embeddable":true,"href":"https:\/\/maricatotal.com.br\/site\/wp-json\/wp\/v2\/media\/54563"}],"wp:attachment":[{"href":"https:\/\/maricatotal.com.br\/site\/wp-json\/wp\/v2\/media?parent=54561"}],"wp:term":[{"taxonomy":"category","embeddable":true,"href":"https:\/\/maricatotal.com.br\/site\/wp-json\/wp\/v2\/categories?post=54561"},{"taxonomy":"post_tag","embeddable":true,"href":"https:\/\/maricatotal.com.br\/site\/wp-json\/wp\/v2\/tags?post=54561"}],"curies":[{"name":"wp","href":"https:\/\/api.w.org\/{rel}","templated":true}]}}