{"id":5545,"date":"2019-12-23T11:46:29","date_gmt":"2019-12-23T14:46:29","guid":{"rendered":"http:\/\/maricatotal.com.br\/site\/?p=5545"},"modified":"2019-12-23T11:46:32","modified_gmt":"2019-12-23T14:46:32","slug":"emergencias-do-estado-funcionam-24h-tambem-neste-fim-de-ano","status":"publish","type":"post","link":"https:\/\/maricatotal.com.br\/site\/2019\/12\/23\/emergencias-do-estado-funcionam-24h-tambem-neste-fim-de-ano\/","title":{"rendered":"EMERG\u00caNCIAS DO ESTADO FUNCIONAM 24h TAMB\u00c9M NESTE FIM DE ANO"},"content":{"rendered":"\n<figure class=\"wp-block-image size-large\"><img loading=\"lazy\" decoding=\"async\" width=\"639\" height=\"422\" src=\"http:\/\/maricatotal.com.br\/site\/wp-content\/uploads\/2019\/12\/10D38A5A-4017-482F-A4FF-29D78A9805C2.jpeg\" alt=\"\" class=\"wp-image-5546\" srcset=\"https:\/\/maricatotal.com.br\/site\/wp-content\/uploads\/2019\/12\/10D38A5A-4017-482F-A4FF-29D78A9805C2.jpeg 639w, https:\/\/maricatotal.com.br\/site\/wp-content\/uploads\/2019\/12\/10D38A5A-4017-482F-A4FF-29D78A9805C2-300x198.jpeg 300w\" sizes=\"auto, (max-width: 639px) 100vw, 639px\" \/><\/figure>\n\n\n\n<p>Neste fim de ano, unidades de emerg\u00eancia da Secretaria de Estado de Sa\u00fade (SES), como hospitais e UPAs, funcionar\u00e3o durante 24h assim tamb\u00e9m neste fim de ano.<\/p>\n\n\n\n<p>Em outras unidades sem emerg\u00eancia os servi\u00e7os seguir\u00e3o os agendamentos j\u00e1 definidos para cada paciente, como Riofarmes, RioImagem e Iaserj, que estar\u00e3o fechados nos dias 24, 25, 31 de dezembro 1 de janeiro.<\/p>\n\n\n\n<p>O mesmo esquema ser\u00e1 adotado pelo Posto de Assist\u00eancia M\u00e9dica (PAM) de Cavalcanti. J\u00e1 o PAM de Coelho Neto fechar\u00e1 apenas nos dias 25 e 01.<\/p>\n\n\n\n<p>Para doa\u00e7\u00e3o de sangue Hemorio, a unidade funcionar\u00e1 normalmente neste per\u00edodo, de 7h \u00e0s 18h, inclusive no dia 25. O local fechar\u00e1 apenas no primeiro dia do ano, retornando o atendimento na quinta-feira (2).<\/p>\n\n\n\n<p>Confira abaixo as unidades da rede estadual de sa\u00fade com altera\u00e7\u00e3o no atendimento:<\/p>\n\n\n\n<p>Rio Imagem \u2013 fechado 24, 25 e 31\/12 e 01\/01<\/p>\n\n\n\n<p>Rio Farmes (unidades Pra\u00e7a Onze, Duque de Caxias e Nova Igua\u00e7u) \u2013 fechados 24, 25 e 31\/12 e 01\/01<\/p>\n\n\n\n<p>Iaserj Maracan\u00e3 \u2013 fechado 24, 25 e 31\/12 e 01\/01(Rochinha) Unidade Estadual Almir Dutton \u2013 fechado 24, 25 e 31\/12 e 01\/01<\/p>\n\n\n\n<p>PAM Cavalcante \u2013 atender\u00e1 at\u00e9 14h nos dias 24 e 31\/12 e fechar\u00e1 em 25\/12 e 01\/01<\/p>\n\n\n\n<p>PAM Coelho Neto \u2013 fechado em 25\/12 e 01\/01<a href=\"http:\/\/www.facebook.com\/sharer.php?u=http%3A%2F%2Fmwl.press%2Fosg76564\"><\/a><a href=\"https:\/\/twitter.com\/intent\/tweet?text=Emerg%C3%AAncias%20do%20Estado%20funcionam%2024h%20tamb%C3%A9m%20neste%20fim%20de%20ano&amp;via=jornalosg&amp;url=http%3A%2F%2Fmwl.press%2Fosg76564\"><\/a><a href=\"https:\/\/www.osaogoncalo.com.br\/Mail\/Share\/?url=http%3A%2F%2Fmwl.press%2Fosg76564&amp;header=Emerg%C3%AAncias%20do%20Estado%20funcionam%2024h%20tamb%C3%A9m%20neste%20fim%20de%20ano\"><\/a><\/p>\n\n\n\n<p><\/p>\n","protected":false},"excerpt":{"rendered":"<p>Neste fim de ano, unidades de emerg\u00eancia da Secretaria de Estado de Sa\u00fade (SES), como hospitais e UPAs, funcionar\u00e3o durante<\/p>\n","protected":false},"author":1,"featured_media":0,"comment_status":"open","ping_status":"open","sticky":false,"template":"","format":"standard","meta":{"colormag_page_container_layout":"default_layout","colormag_page_sidebar_layout":"default_layout","footnotes":""},"categories":[14],"tags":[],"class_list":["post-5545","post","type-post","status-publish","format-standard","hentry","category-bairros"],"amp_enabled":true,"_links":{"self":[{"href":"https:\/\/maricatotal.com.br\/site\/wp-json\/wp\/v2\/posts\/5545","targetHints":{"allow":["GET"]}}],"collection":[{"href":"https:\/\/maricatotal.com.br\/site\/wp-json\/wp\/v2\/posts"}],"about":[{"href":"https:\/\/maricatotal.com.br\/site\/wp-json\/wp\/v2\/types\/post"}],"author":[{"embeddable":true,"href":"https:\/\/maricatotal.com.br\/site\/wp-json\/wp\/v2\/users\/1"}],"replies":[{"embeddable":true,"href":"https:\/\/maricatotal.com.br\/site\/wp-json\/wp\/v2\/comments?post=5545"}],"version-history":[{"count":0,"href":"https:\/\/maricatotal.com.br\/site\/wp-json\/wp\/v2\/posts\/5545\/revisions"}],"wp:attachment":[{"href":"https:\/\/maricatotal.com.br\/site\/wp-json\/wp\/v2\/media?parent=5545"}],"wp:term":[{"taxonomy":"category","embeddable":true,"href":"https:\/\/maricatotal.com.br\/site\/wp-json\/wp\/v2\/categories?post=5545"},{"taxonomy":"post_tag","embeddable":true,"href":"https:\/\/maricatotal.com.br\/site\/wp-json\/wp\/v2\/tags?post=5545"}],"curies":[{"name":"wp","href":"https:\/\/api.w.org\/{rel}","templated":true}]}}