{"id":5562,"date":"2019-12-23T18:39:53","date_gmt":"2019-12-23T21:39:53","guid":{"rendered":"http:\/\/maricatotal.com.br\/site\/?p=5562"},"modified":"2019-12-23T18:39:55","modified_gmt":"2019-12-23T21:39:55","slug":"pre-reveillon-com-rafael-cacula-em-sao-jose","status":"publish","type":"post","link":"https:\/\/maricatotal.com.br\/site\/2019\/12\/23\/pre-reveillon-com-rafael-cacula-em-sao-jose\/","title":{"rendered":"PR\u00c9-R\u00c9VEILLON COM RAFAEL CA\u00c7ULA EM S\u00c3O JOS\u00c9"},"content":{"rendered":"\n<figure class=\"wp-block-image size-large\"><img loading=\"lazy\" decoding=\"async\" width=\"1024\" height=\"679\" src=\"http:\/\/maricatotal.com.br\/site\/wp-content\/uploads\/2019\/12\/1DCC18AB-0418-4FFE-9BB2-2188DC657922-1024x679.jpeg\" alt=\"\" class=\"wp-image-5563\" srcset=\"https:\/\/maricatotal.com.br\/site\/wp-content\/uploads\/2019\/12\/1DCC18AB-0418-4FFE-9BB2-2188DC657922-1024x679.jpeg 1024w, https:\/\/maricatotal.com.br\/site\/wp-content\/uploads\/2019\/12\/1DCC18AB-0418-4FFE-9BB2-2188DC657922-300x199.jpeg 300w, https:\/\/maricatotal.com.br\/site\/wp-content\/uploads\/2019\/12\/1DCC18AB-0418-4FFE-9BB2-2188DC657922-768x509.jpeg 768w, https:\/\/maricatotal.com.br\/site\/wp-content\/uploads\/2019\/12\/1DCC18AB-0418-4FFE-9BB2-2188DC657922.jpeg 1500w\" sizes=\"auto, (max-width: 1024px) 100vw, 1024px\" \/><\/figure>\n\n\n\n<p>No s\u00e1bado, dia 28\/12, tem um super show de pr\u00e9-r\u00e9veillon com o sambista Rafael Ca\u00e7ula, na pra\u00e7a de S\u00e3o Jos\u00e9 do Imbassa\u00ed, a partir de 21h.&nbsp;O cantor apresenta sucessos do samba e m\u00fasicas de seu repert\u00f3rio como Fofoca, que j\u00e1 vem fazendo sucesso.<\/p>\n\n\n\n<p>J\u00e1 o r\u00e9veillon 2020 de Maric\u00e1 vai contar com 12 palcos e shows em todos distritos do munic\u00edpio e queima de fogos (<a href=\"https:\/\/www.marica.rj.gov.br\/2019\/12\/04\/doze-palcos-vao-agitar-o-reveillon-2020-em-marica\/\">veja aqui a programa\u00e7\u00e3o completa<\/a>). O evento&nbsp;\u00e9 uma realiza\u00e7\u00e3o da prefeitura, atrav\u00e9s da Secretaria de Turismo.<\/p>\n","protected":false},"excerpt":{"rendered":"<p>No s\u00e1bado, dia 28\/12, tem um super show de pr\u00e9-r\u00e9veillon com o sambista Rafael Ca\u00e7ula, na pra\u00e7a de S\u00e3o Jos\u00e9<\/p>\n","protected":false},"author":1,"featured_media":0,"comment_status":"open","ping_status":"open","sticky":false,"template":"","format":"standard","meta":{"colormag_page_container_layout":"default_layout","colormag_page_sidebar_layout":"default_layout","footnotes":""},"categories":[14,18],"tags":[],"class_list":["post-5562","post","type-post","status-publish","format-standard","hentry","category-bairros","category-entretenimento"],"amp_enabled":true,"_links":{"self":[{"href":"https:\/\/maricatotal.com.br\/site\/wp-json\/wp\/v2\/posts\/5562","targetHints":{"allow":["GET"]}}],"collection":[{"href":"https:\/\/maricatotal.com.br\/site\/wp-json\/wp\/v2\/posts"}],"about":[{"href":"https:\/\/maricatotal.com.br\/site\/wp-json\/wp\/v2\/types\/post"}],"author":[{"embeddable":true,"href":"https:\/\/maricatotal.com.br\/site\/wp-json\/wp\/v2\/users\/1"}],"replies":[{"embeddable":true,"href":"https:\/\/maricatotal.com.br\/site\/wp-json\/wp\/v2\/comments?post=5562"}],"version-history":[{"count":0,"href":"https:\/\/maricatotal.com.br\/site\/wp-json\/wp\/v2\/posts\/5562\/revisions"}],"wp:attachment":[{"href":"https:\/\/maricatotal.com.br\/site\/wp-json\/wp\/v2\/media?parent=5562"}],"wp:term":[{"taxonomy":"category","embeddable":true,"href":"https:\/\/maricatotal.com.br\/site\/wp-json\/wp\/v2\/categories?post=5562"},{"taxonomy":"post_tag","embeddable":true,"href":"https:\/\/maricatotal.com.br\/site\/wp-json\/wp\/v2\/tags?post=5562"}],"curies":[{"name":"wp","href":"https:\/\/api.w.org\/{rel}","templated":true}]}}