{"id":56849,"date":"2023-10-01T14:32:25","date_gmt":"2023-10-01T17:32:25","guid":{"rendered":"https:\/\/maricatotal.com.br\/site\/?p=56849"},"modified":"2023-11-09T10:11:44","modified_gmt":"2023-11-09T13:11:44","slug":"eleicoes-para-conselheiros-tutelares-em-marica-atraem-multidoes-as-escolas","status":"publish","type":"post","link":"https:\/\/maricatotal.com.br\/site\/2023\/10\/01\/eleicoes-para-conselheiros-tutelares-em-marica-atraem-multidoes-as-escolas\/","title":{"rendered":"Elei\u00e7\u00f5es para Conselheiros Tutelares em Maric\u00e1 Atraem Multid\u00f5es \u00e0s Escolas"},"content":{"rendered":"<div class=\"postie-post\">\n<div dir='auto'>Longas filas e escolas lotadas marcam o dia de vota\u00e7\u00e3o<\/p>\n<div dir=\"auto\"><\/div>\n<div dir=\"auto\">*Maric\u00e1, 1 de outubro de 2023* &#8211;&nbsp;<\/div>\n<div dir=\"auto\">Hoje, domingo, 1 de outubro, os cidad\u00e3os do munic\u00edpio de Maric\u00e1 se reuniram em grande n\u00famero para participar das elei\u00e7\u00f5es para conselheiros tutelares. Um evento crucial para a comunidade, as elei\u00e7\u00f5es atra\u00edram uma quantidade impressionante de eleitores, levando a escolas lotadas e filas extensas.<\/div>\n<div dir=\"auto\"><\/div>\n<div dir=\"auto\">Uma das escolas mais afetadas por essa alta participa\u00e7\u00e3o foi a Escola Municipal Joaquim Eug\u00eanio dos Santos. Os eleitores encontraram a escola abarrotada e filas desorganizadas. A atmosfera estava carregada de entusiasmo c\u00edvico, mas tamb\u00e9m de frustra\u00e7\u00e3o devido \u00e0 espera prolongada.<\/div>\n<div dir=\"auto\"><\/div>\n<div dir=\"auto\">Em entrevista, Maria Silva, uma eleitora que aguardava na fila da escola, comentou: &#8220;\u00c9 \u00f3timo ver tanta gente interessada em escolher os futuros conselheiros tutelares, mas a organiza\u00e7\u00e3o aqui poderia ter sido melhor. Esperei mais de uma hora para votar.&#8221;<\/div>\n<div dir=\"auto\"><\/div>\n<div dir=\"auto\">As autoridades locais est\u00e3o cientes dos desafios enfrentados pelos eleitores e est\u00e3o trabalhando para agilizar o processo de vota\u00e7\u00e3o e garantir que todos possam exercer seu direito de escolher seus representantes no Conselho Tutelar.<\/div>\n<div dir=\"auto\"><\/div>\n<div dir=\"auto\">As elei\u00e7\u00f5es para conselheiros tutelares desempenham um papel vital na prote\u00e7\u00e3o e promo\u00e7\u00e3o dos direitos das crian\u00e7as e adolescentes em Maric\u00e1, e o alto comparecimento demonstra o comprometimento da comunidade em garantir um futuro seguro e saud\u00e1vel para as pr\u00f3ximas gera\u00e7\u00f5es. O resultado das elei\u00e7\u00f5es ser\u00e1 fundamental para moldar o trabalho dos conselheiros tutelares nos pr\u00f3ximos anos.<\/div>\n<\/div>\n<div id='gallery-1' class='gallery galleryid-56849 gallery-columns-3 gallery-size-colormag-featured-image'><figure class='gallery-item'>\n\t\t\t<div class='gallery-icon landscape'>\n\t\t\t\t<a href='https:\/\/maricatotal.com.br\/site\/2023\/10\/01\/eleicoes-para-conselheiros-tutelares-em-marica-atraem-multidoes-as-escolas\/img-20231001-wa0015\/'><img loading=\"lazy\" decoding=\"async\" width=\"800\" height=\"445\" src=\"https:\/\/maricatotal.com.br\/site\/wp-content\/uploads\/2023\/10\/IMG-20231001-WA0015-800x445.jpg\" class=\"attachment-colormag-featured-image size-colormag-featured-image\" alt=\"\" \/><\/a>\n\t\t\t<\/div><\/figure>\n\t\t<\/div>\n<\/div>\n","protected":false},"excerpt":{"rendered":"<p>Longas filas e escolas lotadas marcam o dia de vota\u00e7\u00e3o *Maric\u00e1, 1 de outubro de 2023* &#8211;&nbsp; Hoje, domingo, 1<\/p>\n","protected":false},"author":1,"featured_media":56850,"comment_status":"open","ping_status":"open","sticky":false,"template":"","format":"standard","meta":{"colormag_page_container_layout":"default_layout","colormag_page_sidebar_layout":"default_layout","footnotes":""},"categories":[14],"tags":[],"class_list":["post-56849","post","type-post","status-publish","format-standard","has-post-thumbnail","hentry","category-bairros"],"amp_enabled":true,"_links":{"self":[{"href":"https:\/\/maricatotal.com.br\/site\/wp-json\/wp\/v2\/posts\/56849","targetHints":{"allow":["GET"]}}],"collection":[{"href":"https:\/\/maricatotal.com.br\/site\/wp-json\/wp\/v2\/posts"}],"about":[{"href":"https:\/\/maricatotal.com.br\/site\/wp-json\/wp\/v2\/types\/post"}],"author":[{"embeddable":true,"href":"https:\/\/maricatotal.com.br\/site\/wp-json\/wp\/v2\/users\/1"}],"replies":[{"embeddable":true,"href":"https:\/\/maricatotal.com.br\/site\/wp-json\/wp\/v2\/comments?post=56849"}],"version-history":[{"count":1,"href":"https:\/\/maricatotal.com.br\/site\/wp-json\/wp\/v2\/posts\/56849\/revisions"}],"predecessor-version":[{"id":57511,"href":"https:\/\/maricatotal.com.br\/site\/wp-json\/wp\/v2\/posts\/56849\/revisions\/57511"}],"wp:featuredmedia":[{"embeddable":true,"href":"https:\/\/maricatotal.com.br\/site\/wp-json\/wp\/v2\/media\/56850"}],"wp:attachment":[{"href":"https:\/\/maricatotal.com.br\/site\/wp-json\/wp\/v2\/media?parent=56849"}],"wp:term":[{"taxonomy":"category","embeddable":true,"href":"https:\/\/maricatotal.com.br\/site\/wp-json\/wp\/v2\/categories?post=56849"},{"taxonomy":"post_tag","embeddable":true,"href":"https:\/\/maricatotal.com.br\/site\/wp-json\/wp\/v2\/tags?post=56849"}],"curies":[{"name":"wp","href":"https:\/\/api.w.org\/{rel}","templated":true}]}}