{"id":57776,"date":"2023-11-02T09:38:38","date_gmt":"2023-11-02T12:38:38","guid":{"rendered":"https:\/\/maricatotal.com.br\/site\/?p=57776"},"modified":"2023-11-09T10:17:19","modified_gmt":"2023-11-09T13:17:19","slug":"transito-tranquilo-marca-o-feriado-de-finados-em-marica","status":"publish","type":"post","link":"https:\/\/maricatotal.com.br\/site\/2023\/11\/02\/transito-tranquilo-marca-o-feriado-de-finados-em-marica\/","title":{"rendered":"Tr\u00e2nsito tranquilo marca o Feriado de Finados em Maric\u00e1"},"content":{"rendered":"\n<p>Na manh\u00e3 desta quinta-feira, Feriado de Finados, o movimento nas imedia\u00e7\u00f5es do cemit\u00e9rio de Maric\u00e1 est\u00e1 tranquilo. A equipe do Maric\u00e1 Total est\u00e1 presente para registrar e mostrar toda a movimenta\u00e7\u00e3o deste dia especial. <\/p>\n\n\n\n<p><strong><a href=\"https:\/\/chat.whatsapp.com\/E36A0xCLJxl2lWrJ1ijHs3\">QUER SABER DE TUDO QUE ACONTECE NA CIDADE? CLIQUE AQUI E ENTRE NO NOSSO GRUPO DO WHATSAPP.<\/a><\/strong><\/p>\n\n\n\n<p>At\u00e9 o momento, a circula\u00e7\u00e3o de ve\u00edculos, incluindo carros, est\u00e1 calma nas proximidades do cemit\u00e9rio. Acompanhe conosco as atualiza\u00e7\u00f5es sobre o movimento neste Feriado de Finados em Maric\u00e1.<span class=\"\"><span class=\"o38k74y6 i86elurf neme6l2y kojwoqec bbl9m3t3 i5tg98hk jfqm35v0 przvwfww bdbt56hn cr2cog7z\" aria-hidden=\"true\"><span class=\"tvf2evcx oq44ahr5\"><\/span><\/span><\/span><\/p>\n\n\n\n<figure class=\"wp-block-image size-large\"><img loading=\"lazy\" decoding=\"async\" width=\"1024\" height=\"576\" src=\"https:\/\/maricatotal.com.br\/site\/wp-content\/uploads\/2023\/11\/finados-rua-1024x576.png\" alt=\"\" class=\"wp-image-57779\" srcset=\"https:\/\/maricatotal.com.br\/site\/wp-content\/uploads\/2023\/11\/finados-rua-1024x576.png 1024w, https:\/\/maricatotal.com.br\/site\/wp-content\/uploads\/2023\/11\/finados-rua-300x169.png 300w, https:\/\/maricatotal.com.br\/site\/wp-content\/uploads\/2023\/11\/finados-rua-768x432.png 768w, https:\/\/maricatotal.com.br\/site\/wp-content\/uploads\/2023\/11\/finados-rua.png 1200w\" sizes=\"auto, (max-width: 1024px) 100vw, 1024px\" \/><\/figure>\n","protected":false},"excerpt":{"rendered":"<p>Na manh\u00e3 desta quinta-feira, Feriado de Finados, o movimento nas imedia\u00e7\u00f5es do cemit\u00e9rio de Maric\u00e1 est\u00e1 tranquilo. A equipe do<\/p>\n","protected":false},"author":1,"featured_media":57778,"comment_status":"open","ping_status":"open","sticky":false,"template":"","format":"standard","meta":{"colormag_page_container_layout":"default_layout","colormag_page_sidebar_layout":"default_layout","footnotes":""},"categories":[35,18],"tags":[],"class_list":["post-57776","post","type-post","status-publish","format-standard","has-post-thumbnail","hentry","category-top-stories","category-entretenimento"],"amp_enabled":true,"_links":{"self":[{"href":"https:\/\/maricatotal.com.br\/site\/wp-json\/wp\/v2\/posts\/57776","targetHints":{"allow":["GET"]}}],"collection":[{"href":"https:\/\/maricatotal.com.br\/site\/wp-json\/wp\/v2\/posts"}],"about":[{"href":"https:\/\/maricatotal.com.br\/site\/wp-json\/wp\/v2\/types\/post"}],"author":[{"embeddable":true,"href":"https:\/\/maricatotal.com.br\/site\/wp-json\/wp\/v2\/users\/1"}],"replies":[{"embeddable":true,"href":"https:\/\/maricatotal.com.br\/site\/wp-json\/wp\/v2\/comments?post=57776"}],"version-history":[{"count":1,"href":"https:\/\/maricatotal.com.br\/site\/wp-json\/wp\/v2\/posts\/57776\/revisions"}],"predecessor-version":[{"id":57780,"href":"https:\/\/maricatotal.com.br\/site\/wp-json\/wp\/v2\/posts\/57776\/revisions\/57780"}],"wp:featuredmedia":[{"embeddable":true,"href":"https:\/\/maricatotal.com.br\/site\/wp-json\/wp\/v2\/media\/57778"}],"wp:attachment":[{"href":"https:\/\/maricatotal.com.br\/site\/wp-json\/wp\/v2\/media?parent=57776"}],"wp:term":[{"taxonomy":"category","embeddable":true,"href":"https:\/\/maricatotal.com.br\/site\/wp-json\/wp\/v2\/categories?post=57776"},{"taxonomy":"post_tag","embeddable":true,"href":"https:\/\/maricatotal.com.br\/site\/wp-json\/wp\/v2\/tags?post=57776"}],"curies":[{"name":"wp","href":"https:\/\/api.w.org\/{rel}","templated":true}]}}