{"id":57787,"date":"2023-11-02T15:51:54","date_gmt":"2023-11-02T18:51:54","guid":{"rendered":"https:\/\/maricatotal.com.br\/site\/?p=57787"},"modified":"2023-11-09T10:22:42","modified_gmt":"2023-11-09T13:22:42","slug":"policiais-militares-e-criminosos-trocam-tiros-apos-prisao-no-mcmv-de-itaipuacu","status":"publish","type":"post","link":"https:\/\/maricatotal.com.br\/site\/2023\/11\/02\/policiais-militares-e-criminosos-trocam-tiros-apos-prisao-no-mcmv-de-itaipuacu\/","title":{"rendered":"Policiais Militares s\u00e3o alvos de tiros ap\u00f3s pris\u00e3o no MCMV de Itaipua\u00e7u"},"content":{"rendered":"\n<p>Na tarde desta quinta-feira, 02, policiais militares do Programa  Estadual de Integra\u00e7\u00e3o na Seguran\u00e7a (PROEIS) efetuaram a pris\u00e3o de um  criminoso nas depend\u00eancias do condom\u00ednio &#8216;Minha Casa, Minha Vida&#8217;,  localizado em Itaipua\u00e7u.<\/p>\n\n\n\n<p><strong><a href=\"https:\/\/chat.whatsapp.com\/E36A0xCLJxl2lWrJ1ijHs3\">QUER SABER DE TUDO QUE ACONTECE NA CIDADE? CLIQUE AQUI E ENTRE NO NOSSO GRUPO DO WHATSAPP.<\/a><\/strong><\/p>\n\n\n\n<p>O epis\u00f3dio ocorreu por volta das 14h, quando a equipe policial recebeu  uma den\u00fancia relatando atividades criminosas na regi\u00e3o. Os agentes se  dirigiram ao local para averigua\u00e7\u00e3o.<\/p>\n\n\n\n<p>Ap\u00f3s sua chegada, os policiais conseguiram deter o suspeito, cuja  identidade permanece sob sigilo. Contudo, a pris\u00e3o do indiv\u00edduo  desencadeou uma s\u00e9rie de eventos inesperados, com v\u00e1rios traficantes  locais abrindo fogo contra a viatura da PM na tentativa de resgatar o  detido.<\/p>\n\n\n\n<p>Respondendo \u00e0 amea\u00e7a, os policiais montaram um cerco t\u00e1tico, visando  capturar os criminosos. No entanto, os bandidos conseguiram fugir pela  \u00e1rea de mata circundante, sem que nenhum agente fosse atingido.<\/p>\n\n\n\n<p>Apesar da intensa troca de tiros, os policiais sa\u00edram ilesos, sem terem  sido atingidos pelos disparos. O suspeito capturado foi conduzido \u00e0  Delegacia de Maric\u00e1 (82\u00aa DP), onde o caso foi formalmente registrado.  Al\u00e9m da pris\u00e3o do indiv\u00edduo, a pol\u00edcia tamb\u00e9m apreendeu diversos itens  de interesse criminal, incluindo um r\u00e1dio transmissor, um cord\u00e3o de ouro  e um cachimbo que aparenta ser utilizado para o consumo de crack.<\/p>\n","protected":false},"excerpt":{"rendered":"<p>Na tarde desta quinta-feira, 02, policiais militares do Programa Estadual de Integra\u00e7\u00e3o na Seguran\u00e7a (PROEIS) efetuaram a pris\u00e3o de um<\/p>\n","protected":false},"author":1,"featured_media":57789,"comment_status":"open","ping_status":"open","sticky":false,"template":"","format":"standard","meta":{"colormag_page_container_layout":"default_layout","colormag_page_sidebar_layout":"default_layout","footnotes":""},"categories":[1],"tags":[],"class_list":["post-57787","post","type-post","status-publish","format-standard","has-post-thumbnail","hentry","category-noticias"],"amp_enabled":true,"_links":{"self":[{"href":"https:\/\/maricatotal.com.br\/site\/wp-json\/wp\/v2\/posts\/57787","targetHints":{"allow":["GET"]}}],"collection":[{"href":"https:\/\/maricatotal.com.br\/site\/wp-json\/wp\/v2\/posts"}],"about":[{"href":"https:\/\/maricatotal.com.br\/site\/wp-json\/wp\/v2\/types\/post"}],"author":[{"embeddable":true,"href":"https:\/\/maricatotal.com.br\/site\/wp-json\/wp\/v2\/users\/1"}],"replies":[{"embeddable":true,"href":"https:\/\/maricatotal.com.br\/site\/wp-json\/wp\/v2\/comments?post=57787"}],"version-history":[{"count":2,"href":"https:\/\/maricatotal.com.br\/site\/wp-json\/wp\/v2\/posts\/57787\/revisions"}],"predecessor-version":[{"id":57792,"href":"https:\/\/maricatotal.com.br\/site\/wp-json\/wp\/v2\/posts\/57787\/revisions\/57792"}],"wp:featuredmedia":[{"embeddable":true,"href":"https:\/\/maricatotal.com.br\/site\/wp-json\/wp\/v2\/media\/57789"}],"wp:attachment":[{"href":"https:\/\/maricatotal.com.br\/site\/wp-json\/wp\/v2\/media?parent=57787"}],"wp:term":[{"taxonomy":"category","embeddable":true,"href":"https:\/\/maricatotal.com.br\/site\/wp-json\/wp\/v2\/categories?post=57787"},{"taxonomy":"post_tag","embeddable":true,"href":"https:\/\/maricatotal.com.br\/site\/wp-json\/wp\/v2\/tags?post=57787"}],"curies":[{"name":"wp","href":"https:\/\/api.w.org\/{rel}","templated":true}]}}