{"id":58106,"date":"2023-11-07T18:30:58","date_gmt":"2023-11-07T21:30:58","guid":{"rendered":"https:\/\/maricatotal.com.br\/site\/?p=58106"},"modified":"2023-11-09T10:32:18","modified_gmt":"2023-11-09T13:32:18","slug":"vem-ai-o-passaporte-tecnico","status":"publish","type":"post","link":"https:\/\/maricatotal.com.br\/site\/2023\/11\/07\/vem-ai-o-passaporte-tecnico\/","title":{"rendered":"Vem a\u00ed, o Passaporte T\u00e9cnico!"},"content":{"rendered":"<div class=\"postie-post\">\n<div dir='auto'>\n<div dir=\"auto\"><\/div>\n<div dir=\"auto\">&nbsp;<\/div>\n<div dir=\"auto\"><\/div>\n<div dir=\"auto\">A Prefeitura de Maric\u00e1, atrav\u00e9s da Secret\u00e1ria Municipal de Ci\u00eancia, Tecnologia e Forma\u00e7\u00e3o, ofertar\u00e1, na primeira quinzena de novembro, do \u201cProcesso Seletivo para a Concess\u00e3o de Bolsas de Estudo do Programa Passaporte T\u00e9cnico\u201d, para o ano letivo de 2023.<\/div>\n<div dir=\"auto\"><\/div>\n<div dir=\"auto\">&nbsp;<\/div>\n<div dir=\"auto\"><\/div>\n<div dir=\"auto\">&nbsp; &nbsp; &nbsp; &nbsp; &nbsp; &nbsp; &nbsp;O Programa PASSAPORTE T\u00c9CNICO \u00e9 uma forma de investimento na qualifica\u00e7\u00e3o e forma\u00e7\u00e3o profissional t\u00e9cnica destinada \u00e0 popula\u00e7\u00e3o de Maric\u00e1, por meio da concess\u00e3o de 1.000 (mil) bolsas de estudo, para cursos t\u00e9cnicos concomitante e subsequente, em Institui\u00e7\u00f5es conveniadas junto ao Poder P\u00fablico.<\/div>\n<div dir=\"auto\"><\/div>\n<div dir=\"auto\">&nbsp;<\/div>\n<div dir=\"auto\"><\/div>\n<div dir=\"auto\">Ser\u00e3o duas modalidades de bolsas de ensino para os moradores: Bolsa de Ensino T\u00e9cnico concomitante, com a forma\u00e7\u00e3o do curr\u00edculo regular e com foco no mercado de trabalho da Regi\u00e3o. E Bolsa de Ensino T\u00e9cnico subsequente \u00e0 forma\u00e7\u00e3o do curr\u00edculo regular e com foco no mercado de trabalho da Regi\u00e3o.<\/div>\n<div dir=\"auto\"><\/div>\n<div dir=\"auto\">&nbsp;<\/div>\n<div dir=\"auto\"><\/div>\n<div dir=\"auto\">\u201cQueremos que o Passaporte T\u00e9cnico seja mais uma oportunidade de transforma\u00e7\u00e3o profissional na vida dos nossos mun\u00edcipes\u201d, declarou, Adriana Costa, Secret\u00e1ria da SCTF, ao destacar a import\u00e2ncia do programa para moradores que, sem essa iniciativa, n\u00e3o teriam como investir em qualifica\u00e7\u00e3o e forma\u00e7\u00e3o profissional.<\/div>\n<\/div>\n<\/div>\n","protected":false},"excerpt":{"rendered":"<p>&nbsp; A Prefeitura de Maric\u00e1, atrav\u00e9s da Secret\u00e1ria Municipal de Ci\u00eancia, Tecnologia e Forma\u00e7\u00e3o, ofertar\u00e1, na primeira quinzena de novembro,<\/p>\n","protected":false},"author":1,"featured_media":0,"comment_status":"open","ping_status":"open","sticky":false,"template":"","format":"standard","meta":{"colormag_page_container_layout":"default_layout","colormag_page_sidebar_layout":"default_layout","footnotes":""},"categories":[1],"tags":[],"class_list":["post-58106","post","type-post","status-publish","format-standard","hentry","category-noticias"],"amp_enabled":true,"_links":{"self":[{"href":"https:\/\/maricatotal.com.br\/site\/wp-json\/wp\/v2\/posts\/58106","targetHints":{"allow":["GET"]}}],"collection":[{"href":"https:\/\/maricatotal.com.br\/site\/wp-json\/wp\/v2\/posts"}],"about":[{"href":"https:\/\/maricatotal.com.br\/site\/wp-json\/wp\/v2\/types\/post"}],"author":[{"embeddable":true,"href":"https:\/\/maricatotal.com.br\/site\/wp-json\/wp\/v2\/users\/1"}],"replies":[{"embeddable":true,"href":"https:\/\/maricatotal.com.br\/site\/wp-json\/wp\/v2\/comments?post=58106"}],"version-history":[{"count":1,"href":"https:\/\/maricatotal.com.br\/site\/wp-json\/wp\/v2\/posts\/58106\/revisions"}],"predecessor-version":[{"id":58110,"href":"https:\/\/maricatotal.com.br\/site\/wp-json\/wp\/v2\/posts\/58106\/revisions\/58110"}],"wp:attachment":[{"href":"https:\/\/maricatotal.com.br\/site\/wp-json\/wp\/v2\/media?parent=58106"}],"wp:term":[{"taxonomy":"category","embeddable":true,"href":"https:\/\/maricatotal.com.br\/site\/wp-json\/wp\/v2\/categories?post=58106"},{"taxonomy":"post_tag","embeddable":true,"href":"https:\/\/maricatotal.com.br\/site\/wp-json\/wp\/v2\/tags?post=58106"}],"curies":[{"name":"wp","href":"https:\/\/api.w.org\/{rel}","templated":true}]}}