{"id":58127,"date":"2023-11-08T09:49:14","date_gmt":"2023-11-08T12:49:14","guid":{"rendered":"https:\/\/maricatotal.com.br\/site\/?p=58127"},"modified":"2023-11-09T10:33:28","modified_gmt":"2023-11-09T13:33:28","slug":"carros-colidem-apos-acidente-parar-o-transito-na-rj-106","status":"publish","type":"post","link":"https:\/\/maricatotal.com.br\/site\/2023\/11\/08\/carros-colidem-apos-acidente-parar-o-transito-na-rj-106\/","title":{"rendered":"Carros colidem ap\u00f3s acidente parar o tr\u00e2nsito na RJ-106"},"content":{"rendered":"\n<p>Na manh\u00e3 desta quarta-feira, um acidente envolvendo um carro e uma moto resultou em um homem ferido e no congestionamento do tr\u00e2nsito na RJ-106, em frente ao Posto Shell, sentido Niter\u00f3i. <\/p>\n\n\n\n<p><strong><a href=\"https:\/\/chat.whatsapp.com\/E36A0xCLJxl2lWrJ1ijHs3\">QUER SABER DE TUDO QUE ACONTECE NA CIDADE? CLIQUE AQUI E ENTRE NO NOSSO GRUPO DO WHATSAPP.<\/a><\/strong><\/p>\n\n\n\n<p>Infelizmente, a parada repentina do tr\u00e2nsito causou uma colis\u00e3o entre dois carros, por\u00e9m, n\u00e3o houve feridos adicionais. As autoridades est\u00e3o no local para investigar as circunst\u00e2ncias do acidente e garantir a seguran\u00e7a dos demais motoristas. \u00c9 importante redobrar a aten\u00e7\u00e3o ao circular por essa regi\u00e3o.<span class=\"\"><span class=\"o38k74y6 i86elurf neme6l2y kojwoqec bbl9m3t3 i5tg98hk jfqm35v0 przvwfww bdbt56hn cr2cog7z\" aria-hidden=\"true\"><span class=\"tvf2evcx oq44ahr5\"><\/span><\/span><\/span><\/p>\n","protected":false},"excerpt":{"rendered":"<p>Na manh\u00e3 desta quarta-feira, um acidente envolvendo um carro e uma moto resultou em um homem ferido e no congestionamento<\/p>\n","protected":false},"author":1,"featured_media":58128,"comment_status":"open","ping_status":"open","sticky":false,"template":"","format":"standard","meta":{"colormag_page_container_layout":"default_layout","colormag_page_sidebar_layout":"default_layout","footnotes":""},"categories":[34],"tags":[],"class_list":["post-58127","post","type-post","status-publish","format-standard","has-post-thumbnail","hentry","category-acidentes"],"amp_enabled":true,"_links":{"self":[{"href":"https:\/\/maricatotal.com.br\/site\/wp-json\/wp\/v2\/posts\/58127","targetHints":{"allow":["GET"]}}],"collection":[{"href":"https:\/\/maricatotal.com.br\/site\/wp-json\/wp\/v2\/posts"}],"about":[{"href":"https:\/\/maricatotal.com.br\/site\/wp-json\/wp\/v2\/types\/post"}],"author":[{"embeddable":true,"href":"https:\/\/maricatotal.com.br\/site\/wp-json\/wp\/v2\/users\/1"}],"replies":[{"embeddable":true,"href":"https:\/\/maricatotal.com.br\/site\/wp-json\/wp\/v2\/comments?post=58127"}],"version-history":[{"count":1,"href":"https:\/\/maricatotal.com.br\/site\/wp-json\/wp\/v2\/posts\/58127\/revisions"}],"predecessor-version":[{"id":58130,"href":"https:\/\/maricatotal.com.br\/site\/wp-json\/wp\/v2\/posts\/58127\/revisions\/58130"}],"wp:featuredmedia":[{"embeddable":true,"href":"https:\/\/maricatotal.com.br\/site\/wp-json\/wp\/v2\/media\/58128"}],"wp:attachment":[{"href":"https:\/\/maricatotal.com.br\/site\/wp-json\/wp\/v2\/media?parent=58127"}],"wp:term":[{"taxonomy":"category","embeddable":true,"href":"https:\/\/maricatotal.com.br\/site\/wp-json\/wp\/v2\/categories?post=58127"},{"taxonomy":"post_tag","embeddable":true,"href":"https:\/\/maricatotal.com.br\/site\/wp-json\/wp\/v2\/tags?post=58127"}],"curies":[{"name":"wp","href":"https:\/\/api.w.org\/{rel}","templated":true}]}}