{"id":58261,"date":"2023-11-09T14:56:55","date_gmt":"2023-11-09T17:56:55","guid":{"rendered":"https:\/\/maricatotal.com.br\/site\/?p=58261"},"modified":"2023-11-09T14:56:57","modified_gmt":"2023-11-09T17:56:57","slug":"projeto-do-vereador-robgol-que-cria-sessoes-de-cinema-adaptadas-para-pessoas-com-autismo-e-sancionado","status":"publish","type":"post","link":"https:\/\/maricatotal.com.br\/site\/2023\/11\/09\/projeto-do-vereador-robgol-que-cria-sessoes-de-cinema-adaptadas-para-pessoas-com-autismo-e-sancionado\/","title":{"rendered":"Projeto do Vereador Robgol que cria sess\u00f5es de cinema adaptadas para pessoas com autismo \u00e9 sancionado"},"content":{"rendered":"\n<p>Se tornou lei o projeto de autoria do vereador Robgol que determina a realiza\u00e7\u00e3o obrigat\u00f3ria de sess\u00f5es de cinema adaptadas \u00e0s pessoas com Transtorno do Espectro Autista (TEA) e seus acompanhantes, em Maric\u00e1. <\/p>\n\n\n\n<p><strong><a href=\"https:\/\/chat.whatsapp.com\/E36A0xCLJxl2lWrJ1ijHs3\">QUER SABER DE TUDO QUE ACONTECE NA CIDADE? CLIQUE AQUI E ENTRE NO NOSSO GRUPO DO WHATSAPP.<\/a><\/strong><\/p>\n\n\n\n<p>O Programa se destina a atender crian\u00e7as, adolescentes, bem como os adultos tamb\u00e9m ter\u00e3o acesso \u00e0s salas de cinema adaptadas. <\/p>\n\n\n\n<p>\u201cO acesso ao cinema, \u00e0 cultura e ao lazer \u00e9 um direito de todos. E Maric\u00e1 tem sido refer\u00eancia no que diz respeito ao tema. Ent\u00e3o, ficamos muito felizes com essa conquista. Ela nos d\u00e1 cada vez mais alegria e autonomia para seguir trabalhando em prol da inclus\u00e3o das pessoas com defici\u00eancia nas escolas, nos esportes, na sa\u00fade, no lazer e em todos os espa\u00e7os.\u201d Disse o vereador. <\/p>\n\n\n\n<p>Para se enquadrar na lei, as sess\u00f5es dever\u00e3o realizar adequa\u00e7\u00f5es luminosas, do volume sonoro e da refrigera\u00e7\u00e3o do espa\u00e7o, de forma que as pessoas com TEA se sintam mais confort\u00e1veis durante todo o filme. <\/p>\n\n\n\n<p>\u201cA mat\u00e9ria busca oferecer maior conforto, mais liberdade e menos estresse \u00e0s pessoas com TEA e a seus familiares\u201d. Completou o Vereador. O projeto de lei foi sancionado pelo Prefeito Fabiano Horta, gerando a lei n\u00ba 3.398\/2023.<span class=\"\"><span class=\"o38k74y6 i86elurf neme6l2y kojwoqec bbl9m3t3 i5tg98hk jfqm35v0 przvwfww bdbt56hn cr2cog7z\" aria-hidden=\"true\"><span class=\"tvf2evcx oq44ahr5 hnx8ox4h mw4yctpw gj5xqxfh\"><\/span><\/span><\/span><\/p>\n","protected":false},"excerpt":{"rendered":"<p>Se tornou lei o projeto de autoria do vereador Robgol que determina a realiza\u00e7\u00e3o obrigat\u00f3ria de sess\u00f5es de cinema adaptadas<\/p>\n","protected":false},"author":1,"featured_media":58263,"comment_status":"open","ping_status":"open","sticky":false,"template":"","format":"standard","meta":{"colormag_page_container_layout":"default_layout","colormag_page_sidebar_layout":"default_layout","footnotes":""},"categories":[18,17],"tags":[],"class_list":["post-58261","post","type-post","status-publish","format-standard","has-post-thumbnail","hentry","category-entretenimento","category-politica"],"amp_enabled":true,"_links":{"self":[{"href":"https:\/\/maricatotal.com.br\/site\/wp-json\/wp\/v2\/posts\/58261","targetHints":{"allow":["GET"]}}],"collection":[{"href":"https:\/\/maricatotal.com.br\/site\/wp-json\/wp\/v2\/posts"}],"about":[{"href":"https:\/\/maricatotal.com.br\/site\/wp-json\/wp\/v2\/types\/post"}],"author":[{"embeddable":true,"href":"https:\/\/maricatotal.com.br\/site\/wp-json\/wp\/v2\/users\/1"}],"replies":[{"embeddable":true,"href":"https:\/\/maricatotal.com.br\/site\/wp-json\/wp\/v2\/comments?post=58261"}],"version-history":[{"count":1,"href":"https:\/\/maricatotal.com.br\/site\/wp-json\/wp\/v2\/posts\/58261\/revisions"}],"predecessor-version":[{"id":58264,"href":"https:\/\/maricatotal.com.br\/site\/wp-json\/wp\/v2\/posts\/58261\/revisions\/58264"}],"wp:featuredmedia":[{"embeddable":true,"href":"https:\/\/maricatotal.com.br\/site\/wp-json\/wp\/v2\/media\/58263"}],"wp:attachment":[{"href":"https:\/\/maricatotal.com.br\/site\/wp-json\/wp\/v2\/media?parent=58261"}],"wp:term":[{"taxonomy":"category","embeddable":true,"href":"https:\/\/maricatotal.com.br\/site\/wp-json\/wp\/v2\/categories?post=58261"},{"taxonomy":"post_tag","embeddable":true,"href":"https:\/\/maricatotal.com.br\/site\/wp-json\/wp\/v2\/tags?post=58261"}],"curies":[{"name":"wp","href":"https:\/\/api.w.org\/{rel}","templated":true}]}}