{"id":58359,"date":"2023-11-12T16:10:28","date_gmt":"2023-11-12T19:10:28","guid":{"rendered":"https:\/\/maricatotal.com.br\/site\/?p=58359"},"modified":"2023-11-12T16:10:29","modified_gmt":"2023-11-12T19:10:29","slug":"9a-parada-do-orgulho-lgbtqia-agita-marica-neste-domingo","status":"publish","type":"post","link":"https:\/\/maricatotal.com.br\/site\/2023\/11\/12\/9a-parada-do-orgulho-lgbtqia-agita-marica-neste-domingo\/","title":{"rendered":"9\u00aa Parada do Orgulho LGBTQIA+ agita Maric\u00e1 neste Domingo"},"content":{"rendered":"\n<p>Neste domingo (12\/11), a Prefeitura de Maric\u00e1, em colabora\u00e7\u00e3o com a  Secretaria de Participa\u00e7\u00e3o Popular e Direitos Humanos, e em parceria com  as secretarias de Cultura e Assist\u00eancia Social, juntamente com a  Coordenadoria LGBTQIA+, promover\u00e1 a 9\u00aa Parada do Orgulho LGBTQIA+ de  Maric\u00e1. A concentra\u00e7\u00e3o ter\u00e1 in\u00edcio \u00e0s 13h na Pra\u00e7a Conselheiro Macedo  Soares (Pra\u00e7a do Turismo), com a sa\u00edda programada para as 15h em dire\u00e7\u00e3o  \u00e0 Pra\u00e7a Orlando de Barros Pimentel, no Centro.<\/p>\n\n\n\n<p><strong><a href=\"https:\/\/chat.whatsapp.com\/E36A0xCLJxl2lWrJ1ijHs3\">QUER SABER DE TUDO QUE ACONTECE NA CIDADE? CLIQUE AQUI E ENTRE NO NOSSO GRUPO DO WHATSAPP.<\/a><\/strong><\/p>\n\n\n\n<p><div id=\"__next\"><div class=\"relative z-0 flex h-full w-full overflow-hidden\"><div class=\"relative flex h-full max-w-full flex-1 flex-col overflow-hidden\"><main class=\"relative h-full w-full flex-1 overflow-auto transition-width\"><div role=\"presentation\" class=\"flex h-full flex-col\"><div class=\"flex-1 overflow-hidden\"><div class=\"react-scroll-to-bottom--css-duhgl-79elbk h-full\"><div class=\"react-scroll-to-bottom--css-duhgl-1n7m0yu\"><div class=\"flex flex-col text-sm gizmo:pb-9 dark:bg-gray-800 gizmo:dark:bg-transparent\"><div class=\"group w-full text-token-text-primary border-b border-black\/10 gizmo:border-0 dark:border-gray-900\/50 gizmo:dark:border-0 bg-gray-50 gizmo:bg-transparent dark:bg-[#444654] gizmo:dark:bg-transparent\" data-testid=\"conversation-turn-322\"><div class=\"p-4 gizmo:py-2 justify-center text-base md:gap-6 md:py-6 m-auto\"><div class=\"flex flex-1 gap-4 text-base mx-auto md:gap-6 gizmo:gap-3 gizmo:md:px-5 gizmo:lg:px-1 gizmo:xl:px-5 md:max-w-2xl lg:max-w-[38rem] gizmo:md:max-w-3xl gizmo:lg:max-w-[40rem] gizmo:xl:max-w-[48rem] xl:max-w-3xl }\"><div class=\"relative flex w-[calc(100%-50px)] flex-col gizmo:w-full lg:w-[calc(100%-115px)] agent-turn\"><div class=\"flex-col gap-1 md:gap-3\"><div class=\"flex flex-grow flex-col max-w-full gap-3 gizmo:gap-0\"><div data-message-author-role=\"assistant\" data-message-id=\"bae4e748-8b9f-4c95-bfea-07c0c887201c\" class=\"min-h-[20px] text-message peer flex flex-col items-start gap-3 whitespace-pre-wrap break-words peer-[.text-message]:mt-5 overflow-x-auto\"><div class=\"markdown prose w-full break-words dark:prose-invert light\"><p>O evento oferecer\u00e1 uma programa\u00e7\u00e3o diversificada, incluindo abertura interreligiosa, shows perform\u00e1ticos, rodas de conversa e apresenta\u00e7\u00f5es dos cantores Alex, Angel, Bruna Mandz, al\u00e9m da Corte Soberana, eleita na sexta-feira (10\/11), DJ Mayara, entre outras atra\u00e7\u00f5es.O coordenador de assuntos LGBTQIA+, Carlos Alves, destacou a import\u00e2ncia do evento, ressaltando que a parada \u00e9 um marco na luta pelos direitos humanos e pela comunidade LGBTQIA+. A programa\u00e7\u00e3o se estender\u00e1 at\u00e9 o domingo com o Movimento Cultural da Diversidade e F\u00f3rum LGBT de Marica e Itaipua\u00e7u, incluindo uma Feira de Empreendedorismo e Empregabilidade Inclusiva na Pra\u00e7a Orlando de Barros Pimentel, de 10 a 12\/11, das 10h \u00e0s 21h.Mudan\u00e7as no tr\u00e2nsito ser\u00e3o implementadas para a passagem do trio el\u00e9trico da Parada do Orgulho LGBTQIA+, com interdi\u00e7\u00e3o tempor\u00e1ria da Rua Ribeiro de Almeida, no Centro. Equipes da Secretaria de Tr\u00e2nsito e Engenharia Vi\u00e1ria estar\u00e3o presentes para garantir a seguran\u00e7a e orientar o tr\u00e1fego.A comunidade de Maric\u00e1 espera que o evento promova n\u00e3o apenas a celebra\u00e7\u00e3o da diversidade, mas tamb\u00e9m contribua para a conscientiza\u00e7\u00e3o e respeito m\u00fatuo, fortalecendo a inclus\u00e3o e o entendimento na sociedade local.<\/p><\/div><\/div><\/div><\/div><\/div><\/div><\/div><\/div><\/div><\/div><\/div><\/div><\/div><\/main><\/div><\/div><\/div><\/p>\n","protected":false},"excerpt":{"rendered":"<p>Neste domingo (12\/11), a Prefeitura de Maric\u00e1, em colabora\u00e7\u00e3o com a Secretaria de Participa\u00e7\u00e3o Popular e Direitos Humanos, e em<\/p>\n","protected":false},"author":1,"featured_media":58361,"comment_status":"open","ping_status":"open","sticky":false,"template":"","format":"standard","meta":{"colormag_page_container_layout":"default_layout","colormag_page_sidebar_layout":"default_layout","footnotes":""},"categories":[18,17],"tags":[],"class_list":["post-58359","post","type-post","status-publish","format-standard","has-post-thumbnail","hentry","category-entretenimento","category-politica"],"amp_enabled":true,"_links":{"self":[{"href":"https:\/\/maricatotal.com.br\/site\/wp-json\/wp\/v2\/posts\/58359","targetHints":{"allow":["GET"]}}],"collection":[{"href":"https:\/\/maricatotal.com.br\/site\/wp-json\/wp\/v2\/posts"}],"about":[{"href":"https:\/\/maricatotal.com.br\/site\/wp-json\/wp\/v2\/types\/post"}],"author":[{"embeddable":true,"href":"https:\/\/maricatotal.com.br\/site\/wp-json\/wp\/v2\/users\/1"}],"replies":[{"embeddable":true,"href":"https:\/\/maricatotal.com.br\/site\/wp-json\/wp\/v2\/comments?post=58359"}],"version-history":[{"count":1,"href":"https:\/\/maricatotal.com.br\/site\/wp-json\/wp\/v2\/posts\/58359\/revisions"}],"predecessor-version":[{"id":58362,"href":"https:\/\/maricatotal.com.br\/site\/wp-json\/wp\/v2\/posts\/58359\/revisions\/58362"}],"wp:featuredmedia":[{"embeddable":true,"href":"https:\/\/maricatotal.com.br\/site\/wp-json\/wp\/v2\/media\/58361"}],"wp:attachment":[{"href":"https:\/\/maricatotal.com.br\/site\/wp-json\/wp\/v2\/media?parent=58359"}],"wp:term":[{"taxonomy":"category","embeddable":true,"href":"https:\/\/maricatotal.com.br\/site\/wp-json\/wp\/v2\/categories?post=58359"},{"taxonomy":"post_tag","embeddable":true,"href":"https:\/\/maricatotal.com.br\/site\/wp-json\/wp\/v2\/tags?post=58359"}],"curies":[{"name":"wp","href":"https:\/\/api.w.org\/{rel}","templated":true}]}}