{"id":58942,"date":"2023-12-02T16:35:58","date_gmt":"2023-12-02T19:35:58","guid":{"rendered":"https:\/\/maricatotal.com.br\/site\/?p=58942"},"modified":"2023-12-02T16:36:00","modified_gmt":"2023-12-02T19:36:00","slug":"homem-e-preso-por-ameacar-e-descumprir-medida-protetiva-em-itapeba","status":"publish","type":"post","link":"https:\/\/maricatotal.com.br\/site\/2023\/12\/02\/homem-e-preso-por-ameacar-e-descumprir-medida-protetiva-em-itapeba\/","title":{"rendered":"Homem \u00e9 preso por amea\u00e7ar e descumprir medida protetiva em Itapeba"},"content":{"rendered":"\n<p>Na tarde deste s\u00e1bado, um homem foi preso na rua Orestes Barbosa, em Itapeba, por amea\u00e7ar e descumprir uma medida protetiva contra sua ex-companheira. <\/p>\n\n\n\n<p><strong><a href=\"https:\/\/chat.whatsapp.com\/E36A0xCLJxl2lWrJ1ijHs3\">QUER SABER DE TUDO QUE ACONTECE NA CIDADE? CLIQUE AQUI E ENTRE NO NOSSO GRUPO DO WHATSAPP.<\/a><\/strong><\/p>\n\n\n\n<p>A a\u00e7\u00e3o foi realizada pelas autoridades locais e o suspeito ser\u00e1 conduzido ao 76\u00b0 DP para as devidas provid\u00eancias legais. A medida protetiva visa garantir a seguran\u00e7a da v\u00edtima e coibir qualquer tipo de viol\u00eancia dom\u00e9stica.<span class=\"\"><span class=\"o38k74y6 i86elurf neme6l2y kojwoqec bbl9m3t3 i5tg98hk jfqm35v0 przvwfww bdbt56hn cr2cog7z\" aria-hidden=\"true\"><span class=\"tvf2evcx oq44ahr5\"><\/span><\/span><\/span><\/p>\n","protected":false},"excerpt":{"rendered":"<p>Na tarde deste s\u00e1bado, um homem foi preso na rua Orestes Barbosa, em Itapeba, por amea\u00e7ar e descumprir uma medida<\/p>\n","protected":false},"author":1,"featured_media":58944,"comment_status":"open","ping_status":"open","sticky":false,"template":"","format":"standard","meta":{"colormag_page_container_layout":"default_layout","colormag_page_sidebar_layout":"default_layout","footnotes":""},"categories":[1],"tags":[],"class_list":["post-58942","post","type-post","status-publish","format-standard","has-post-thumbnail","hentry","category-noticias"],"amp_enabled":true,"_links":{"self":[{"href":"https:\/\/maricatotal.com.br\/site\/wp-json\/wp\/v2\/posts\/58942","targetHints":{"allow":["GET"]}}],"collection":[{"href":"https:\/\/maricatotal.com.br\/site\/wp-json\/wp\/v2\/posts"}],"about":[{"href":"https:\/\/maricatotal.com.br\/site\/wp-json\/wp\/v2\/types\/post"}],"author":[{"embeddable":true,"href":"https:\/\/maricatotal.com.br\/site\/wp-json\/wp\/v2\/users\/1"}],"replies":[{"embeddable":true,"href":"https:\/\/maricatotal.com.br\/site\/wp-json\/wp\/v2\/comments?post=58942"}],"version-history":[{"count":1,"href":"https:\/\/maricatotal.com.br\/site\/wp-json\/wp\/v2\/posts\/58942\/revisions"}],"predecessor-version":[{"id":58945,"href":"https:\/\/maricatotal.com.br\/site\/wp-json\/wp\/v2\/posts\/58942\/revisions\/58945"}],"wp:featuredmedia":[{"embeddable":true,"href":"https:\/\/maricatotal.com.br\/site\/wp-json\/wp\/v2\/media\/58944"}],"wp:attachment":[{"href":"https:\/\/maricatotal.com.br\/site\/wp-json\/wp\/v2\/media?parent=58942"}],"wp:term":[{"taxonomy":"category","embeddable":true,"href":"https:\/\/maricatotal.com.br\/site\/wp-json\/wp\/v2\/categories?post=58942"},{"taxonomy":"post_tag","embeddable":true,"href":"https:\/\/maricatotal.com.br\/site\/wp-json\/wp\/v2\/tags?post=58942"}],"curies":[{"name":"wp","href":"https:\/\/api.w.org\/{rel}","templated":true}]}}