{"id":58964,"date":"2023-12-03T01:07:58","date_gmt":"2023-12-03T04:07:58","guid":{"rendered":"https:\/\/maricatotal.com.br\/site\/?p=58964"},"modified":"2023-12-03T01:08:00","modified_gmt":"2023-12-03T04:08:00","slug":"morador-de-rua-ameacas-pessoas-com-uma-faca-na-rodoviaria-de-marica","status":"publish","type":"post","link":"https:\/\/maricatotal.com.br\/site\/2023\/12\/03\/morador-de-rua-ameacas-pessoas-com-uma-faca-na-rodoviaria-de-marica\/","title":{"rendered":"Morador de rua amea\u00e7as pessoas com uma faca na Rodovi\u00e1ria de Maric\u00e1"},"content":{"rendered":"\n<p>As autoridades da Guarda Municipal intervieram no s\u00e1bado, 02, detendo um  indiv\u00edduo em situa\u00e7\u00e3o de rua que amea\u00e7ava as pessoas com uma faca na  Rodovi\u00e1ria de Maric\u00e1.<\/p>\n\n\n\n<p><strong><a href=\"https:\/\/chat.whatsapp.com\/E36A0xCLJxl2lWrJ1ijHs3\\\">QUER SABER DE TUDO QUE ACONTECE NA CIDADE? CLIQUE AQUI E ENTRE NO NOSSO GRUPO DO WHATSAPP.<\/a><\/strong><\/p>\n\n\n\n<p><div id=\"__next\"><div class=\"relative z-0 flex h-full w-full overflow-hidden\"><div class=\"relative flex h-full max-w-full flex-1 flex-col overflow-hidden\"><main class=\"relative h-full w-full flex-1 overflow-auto transition-width\"><div role=\"presentation\" class=\"flex h-full flex-col\"><div class=\"flex-1 overflow-hidden\"><div class=\"react-scroll-to-bottom--css-emjnm-79elbk h-full\"><div class=\"react-scroll-to-bottom--css-emjnm-1n7m0yu\"><div class=\"flex flex-col pb-9 text-sm\"><div class=\"w-full text-token-text-primary\" data-testid=\"conversation-turn-378\"><div class=\"px-4 py-2 justify-center text-base md:gap-6 m-auto\"><div class=\"flex flex-1 text-base mx-auto gap-3 md:px-5 lg:px-1 xl:px-5 md:max-w-3xl lg:max-w-[40rem] xl:max-w-[48rem] } group final-completion\"><div class=\"relative flex w-full flex-col lg:w-[calc(100%-115px)] agent-turn\"><div class=\"flex-col gap-1 md:gap-3\"><div class=\"flex flex-grow flex-col max-w-full\"><div data-message-author-role=\"assistant\" data-message-id=\"4e370927-2837-4d13-8444-427abccbb6fa\" class=\"min-h-[20px] text-message flex flex-col items-start gap-3 whitespace-pre-wrap break-words [.text-message+&amp;]:mt-5 overflow-x-auto\"><div class=\"markdown prose w-full break-words dark:prose-invert light\"><p>Durante o incidente, ocorrido por volta das 15h30, relatos indicam que o homem, que vive em condi\u00e7\u00f5es prec\u00e1rias, come\u00e7ou a intimidar pessoas presentes no terminal.Os agentes da Guarda Municipal, prontamente posicionados nas imedia\u00e7\u00f5es, agiram com efic\u00e1cia, detendo o suspeito. Posteriormente, ele foi encaminhado \u00e0 Delegacia de Maric\u00e1 (82\u00aa DP) para os procedimentos legais.<\/p><\/div><\/div><\/div><\/div><\/div><\/div><\/div><\/div><\/div><\/div><\/div><\/div><\/div><\/main><\/div><\/div><\/div><\/p>\n","protected":false},"excerpt":{"rendered":"<p>As autoridades da Guarda Municipal intervieram no s\u00e1bado, 02, detendo um indiv\u00edduo em situa\u00e7\u00e3o de rua que amea\u00e7ava as pessoas<\/p>\n","protected":false},"author":1,"featured_media":58965,"comment_status":"open","ping_status":"open","sticky":false,"template":"","format":"standard","meta":{"colormag_page_container_layout":"default_layout","colormag_page_sidebar_layout":"default_layout","footnotes":""},"categories":[1],"tags":[],"class_list":["post-58964","post","type-post","status-publish","format-standard","has-post-thumbnail","hentry","category-noticias"],"amp_enabled":true,"_links":{"self":[{"href":"https:\/\/maricatotal.com.br\/site\/wp-json\/wp\/v2\/posts\/58964","targetHints":{"allow":["GET"]}}],"collection":[{"href":"https:\/\/maricatotal.com.br\/site\/wp-json\/wp\/v2\/posts"}],"about":[{"href":"https:\/\/maricatotal.com.br\/site\/wp-json\/wp\/v2\/types\/post"}],"author":[{"embeddable":true,"href":"https:\/\/maricatotal.com.br\/site\/wp-json\/wp\/v2\/users\/1"}],"replies":[{"embeddable":true,"href":"https:\/\/maricatotal.com.br\/site\/wp-json\/wp\/v2\/comments?post=58964"}],"version-history":[{"count":1,"href":"https:\/\/maricatotal.com.br\/site\/wp-json\/wp\/v2\/posts\/58964\/revisions"}],"predecessor-version":[{"id":58967,"href":"https:\/\/maricatotal.com.br\/site\/wp-json\/wp\/v2\/posts\/58964\/revisions\/58967"}],"wp:featuredmedia":[{"embeddable":true,"href":"https:\/\/maricatotal.com.br\/site\/wp-json\/wp\/v2\/media\/58965"}],"wp:attachment":[{"href":"https:\/\/maricatotal.com.br\/site\/wp-json\/wp\/v2\/media?parent=58964"}],"wp:term":[{"taxonomy":"category","embeddable":true,"href":"https:\/\/maricatotal.com.br\/site\/wp-json\/wp\/v2\/categories?post=58964"},{"taxonomy":"post_tag","embeddable":true,"href":"https:\/\/maricatotal.com.br\/site\/wp-json\/wp\/v2\/tags?post=58964"}],"curies":[{"name":"wp","href":"https:\/\/api.w.org\/{rel}","templated":true}]}}