{"id":58991,"date":"2023-12-03T11:55:11","date_gmt":"2023-12-03T14:55:11","guid":{"rendered":"https:\/\/maricatotal.com.br\/site\/?p=58991"},"modified":"2023-12-03T11:55:12","modified_gmt":"2023-12-03T14:55:12","slug":"homem-passa-mal-ao-volante-e-e-resgatado-apos-acidente-na-rj-118","status":"publish","type":"post","link":"https:\/\/maricatotal.com.br\/site\/2023\/12\/03\/homem-passa-mal-ao-volante-e-e-resgatado-apos-acidente-na-rj-118\/","title":{"rendered":"Homem passa mal ao volante e \u00e9 resgatado ap\u00f3s acidente na RJ 118"},"content":{"rendered":"\n<p>Na manh\u00e3 deste domingo, um incidente preocupante ocorreu na RJ 118, no bairro do Vale da Figueira. Rafael Pereira, de 32 anos, passou mal enquanto dirigia e acabou saindo da pista, parando no meio do mato.<\/p>\n\n\n\n<p><strong><a href=\"https:\/\/chat.whatsapp.com\/E36A0xCLJxl2lWrJ1ijHs3\\\">QUER SABER DE TUDO QUE ACONTECE NA CIDADE? CLIQUE AQUI E ENTRE NO NOSSO GRUPO DO WHATSAPP.<\/a><\/strong><\/p>\n\n\n\n<p>O corpo de bombeiros foi imediatamente acionado e chegou ao local rapidamente para prestar socorro.<\/p>\n\n\n\n<p>Ap\u00f3s o resgate \u00e1gil realizado pelos bombeiros, Rafael foi encaminhado para o hospital Che Guevara, onde recebeu atendimento m\u00e9dico especializado.<\/p>\n","protected":false},"excerpt":{"rendered":"<p>Na manh\u00e3 deste domingo, um incidente preocupante ocorreu na RJ 118, no bairro do Vale da Figueira. Rafael Pereira, de<\/p>\n","protected":false},"author":1,"featured_media":58993,"comment_status":"open","ping_status":"open","sticky":false,"template":"","format":"standard","meta":{"colormag_page_container_layout":"default_layout","colormag_page_sidebar_layout":"default_layout","footnotes":""},"categories":[34],"tags":[],"class_list":["post-58991","post","type-post","status-publish","format-standard","has-post-thumbnail","hentry","category-acidentes"],"amp_enabled":true,"_links":{"self":[{"href":"https:\/\/maricatotal.com.br\/site\/wp-json\/wp\/v2\/posts\/58991","targetHints":{"allow":["GET"]}}],"collection":[{"href":"https:\/\/maricatotal.com.br\/site\/wp-json\/wp\/v2\/posts"}],"about":[{"href":"https:\/\/maricatotal.com.br\/site\/wp-json\/wp\/v2\/types\/post"}],"author":[{"embeddable":true,"href":"https:\/\/maricatotal.com.br\/site\/wp-json\/wp\/v2\/users\/1"}],"replies":[{"embeddable":true,"href":"https:\/\/maricatotal.com.br\/site\/wp-json\/wp\/v2\/comments?post=58991"}],"version-history":[{"count":1,"href":"https:\/\/maricatotal.com.br\/site\/wp-json\/wp\/v2\/posts\/58991\/revisions"}],"predecessor-version":[{"id":58994,"href":"https:\/\/maricatotal.com.br\/site\/wp-json\/wp\/v2\/posts\/58991\/revisions\/58994"}],"wp:featuredmedia":[{"embeddable":true,"href":"https:\/\/maricatotal.com.br\/site\/wp-json\/wp\/v2\/media\/58993"}],"wp:attachment":[{"href":"https:\/\/maricatotal.com.br\/site\/wp-json\/wp\/v2\/media?parent=58991"}],"wp:term":[{"taxonomy":"category","embeddable":true,"href":"https:\/\/maricatotal.com.br\/site\/wp-json\/wp\/v2\/categories?post=58991"},{"taxonomy":"post_tag","embeddable":true,"href":"https:\/\/maricatotal.com.br\/site\/wp-json\/wp\/v2\/tags?post=58991"}],"curies":[{"name":"wp","href":"https:\/\/api.w.org\/{rel}","templated":true}]}}