{"id":58996,"date":"2023-12-03T12:02:12","date_gmt":"2023-12-03T15:02:12","guid":{"rendered":"https:\/\/maricatotal.com.br\/site\/?p=58996"},"modified":"2023-12-03T12:02:14","modified_gmt":"2023-12-03T15:02:14","slug":"casa-no-centro-fica-destrida-apos-incendio-na-madrugada","status":"publish","type":"post","link":"https:\/\/maricatotal.com.br\/site\/2023\/12\/03\/casa-no-centro-fica-destrida-apos-incendio-na-madrugada\/","title":{"rendered":"Casa no Centro fica destr\u00edda ap\u00f3s inc\u00eandio na madrugada"},"content":{"rendered":"\n<p>Uma casa no Centro de Maric\u00e1 foi completamente consumida por um inc\u00eandio  na madrugada deste domingo, 03. O incidente ocorreu por volta de 04h30  na Rua Henrique Gabriela Farias J\u00fanior.<\/p>\n\n\n\n<p><strong><a href=\"https:\/\/chat.whatsapp.com\/E36A0xCLJxl2lWrJ1ijHs3\\\">QUER SABER DE TUDO QUE ACONTECE NA CIDADE? CLIQUE AQUI E ENTRE NO NOSSO GRUPO DO WHATSAPP.<\/a><\/strong><\/p>\n\n\n\n<p><div id=\"__next\"><div class=\"relative z-0 flex h-full w-full overflow-hidden\"><div class=\"relative flex h-full max-w-full flex-1 flex-col overflow-hidden\"><main class=\"relative h-full w-full flex-1 overflow-auto transition-width\"><div role=\"presentation\" class=\"flex h-full flex-col\"><div class=\"flex-1 overflow-hidden\"><div class=\"react-scroll-to-bottom--css-mgtxu-79elbk h-full\"><div class=\"react-scroll-to-bottom--css-mgtxu-1n7m0yu\"><div class=\"flex flex-col pb-9 text-sm\"><div class=\"w-full text-token-text-primary\" data-testid=\"conversation-turn-386\"><div class=\"px-4 py-2 justify-center text-base md:gap-6 m-auto\"><div class=\"flex flex-1 text-base mx-auto gap-3 md:px-5 lg:px-1 xl:px-5 md:max-w-3xl lg:max-w-[40rem] xl:max-w-[48rem] } group final-completion\"><div class=\"relative flex w-full flex-col lg:w-[calc(100%-115px)] agent-turn\"><div class=\"flex-col gap-1 md:gap-3\"><div class=\"flex flex-grow flex-col max-w-full\"><div data-message-author-role=\"assistant\" data-message-id=\"b9d11905-4829-49c1-90f3-7ecdb7c13a8b\" class=\"min-h-[20px] text-message flex flex-col items-start gap-3 whitespace-pre-wrap break-words [.text-message+&amp;]:mt-5 overflow-x-auto\"><div class=\"markdown prose w-full break-words dark:prose-invert light\"><p>A fam\u00edlia estava dormindo quando percebeu um forte cheiro de queimado. Ao investigar, o propriet\u00e1rio descobriu um foco de inc\u00eandio na cozinha que se espalhou rapidamente.Imediatamente, a fam\u00edlia evacuou o local e chamou os Bombeiros do Destacamento de Maric\u00e1. O inc\u00eandio estava t\u00e3o intenso que tamb\u00e9m foi necess\u00e1rio acionar os Bombeiros da Base de Itaipua\u00e7u para auxiliar no controle das chamas.Apesar dos danos materiais substanciais, n\u00e3o houve feridos. As autoridades iniciar\u00e3o uma investiga\u00e7\u00e3o para determinar as causas do inc\u00eandio.<\/p><\/div><\/div><\/div><\/div><\/div><\/div><\/div><\/div><\/div><\/div><\/div><\/div><\/div><\/main><\/div><\/div><\/div><\/p>\n","protected":false},"excerpt":{"rendered":"<p>Uma casa no Centro de Maric\u00e1 foi completamente consumida por um inc\u00eandio na madrugada deste domingo, 03. O incidente ocorreu<\/p>\n","protected":false},"author":1,"featured_media":58998,"comment_status":"open","ping_status":"open","sticky":false,"template":"","format":"standard","meta":{"colormag_page_container_layout":"default_layout","colormag_page_sidebar_layout":"default_layout","footnotes":""},"categories":[34],"tags":[],"class_list":["post-58996","post","type-post","status-publish","format-standard","has-post-thumbnail","hentry","category-acidentes"],"amp_enabled":true,"_links":{"self":[{"href":"https:\/\/maricatotal.com.br\/site\/wp-json\/wp\/v2\/posts\/58996","targetHints":{"allow":["GET"]}}],"collection":[{"href":"https:\/\/maricatotal.com.br\/site\/wp-json\/wp\/v2\/posts"}],"about":[{"href":"https:\/\/maricatotal.com.br\/site\/wp-json\/wp\/v2\/types\/post"}],"author":[{"embeddable":true,"href":"https:\/\/maricatotal.com.br\/site\/wp-json\/wp\/v2\/users\/1"}],"replies":[{"embeddable":true,"href":"https:\/\/maricatotal.com.br\/site\/wp-json\/wp\/v2\/comments?post=58996"}],"version-history":[{"count":1,"href":"https:\/\/maricatotal.com.br\/site\/wp-json\/wp\/v2\/posts\/58996\/revisions"}],"predecessor-version":[{"id":58999,"href":"https:\/\/maricatotal.com.br\/site\/wp-json\/wp\/v2\/posts\/58996\/revisions\/58999"}],"wp:featuredmedia":[{"embeddable":true,"href":"https:\/\/maricatotal.com.br\/site\/wp-json\/wp\/v2\/media\/58998"}],"wp:attachment":[{"href":"https:\/\/maricatotal.com.br\/site\/wp-json\/wp\/v2\/media?parent=58996"}],"wp:term":[{"taxonomy":"category","embeddable":true,"href":"https:\/\/maricatotal.com.br\/site\/wp-json\/wp\/v2\/categories?post=58996"},{"taxonomy":"post_tag","embeddable":true,"href":"https:\/\/maricatotal.com.br\/site\/wp-json\/wp\/v2\/tags?post=58996"}],"curies":[{"name":"wp","href":"https:\/\/api.w.org\/{rel}","templated":true}]}}