{"id":59007,"date":"2023-12-04T09:52:18","date_gmt":"2023-12-04T12:52:18","guid":{"rendered":"https:\/\/maricatotal.com.br\/site\/?p=59007"},"modified":"2023-12-04T09:52:20","modified_gmt":"2023-12-04T12:52:20","slug":"caminhao-carregado-de-galoes-dagua-capota-no-centro-de-marica","status":"publish","type":"post","link":"https:\/\/maricatotal.com.br\/site\/2023\/12\/04\/caminhao-carregado-de-galoes-dagua-capota-no-centro-de-marica\/","title":{"rendered":"Caminh\u00e3o carregado de gal\u00f5es d&#8217;\u00e1gua capota no Centro de Maric\u00e1"},"content":{"rendered":"\n<p>Na manh\u00e3 desta segunda-feira,ao lado do Posto de Sa\u00fade Central, um caminh\u00e3o carregado de gal\u00f5es de \u00e1gua tentava subir o Morro do C\u00e9u. <\/p>\n\n\n\n<p><strong><a href=\"https:\/\/chat.whatsapp.com\/E36A0xCLJxl2lWrJ1ijHs3\">QUER SABER DE TUDO QUE ACONTECE NA CIDADE? CLIQUE AQUI E ENTRE NO NOSSO GRUPO DO WHATSAPP.<\/a><\/strong><\/p>\n\n\n\n<p>Infelizmente, o ve\u00edculo perdeu o freio, desceu de r\u00e9 e acabou capotando. <\/p>\n\n\n\n<p>O motorista, que ficou gravemente ferido, foi prontamente socorrido pela equipe da Samu e encaminhado para o Hospital Conde Modesto Leal. <\/p>\n","protected":false},"excerpt":{"rendered":"<p>Na manh\u00e3 desta segunda-feira,ao lado do Posto de Sa\u00fade Central, um caminh\u00e3o carregado de gal\u00f5es de \u00e1gua tentava subir o<\/p>\n","protected":false},"author":1,"featured_media":59009,"comment_status":"open","ping_status":"open","sticky":false,"template":"","format":"standard","meta":{"colormag_page_container_layout":"default_layout","colormag_page_sidebar_layout":"default_layout","footnotes":""},"categories":[34],"tags":[],"class_list":["post-59007","post","type-post","status-publish","format-standard","has-post-thumbnail","hentry","category-acidentes"],"amp_enabled":true,"_links":{"self":[{"href":"https:\/\/maricatotal.com.br\/site\/wp-json\/wp\/v2\/posts\/59007","targetHints":{"allow":["GET"]}}],"collection":[{"href":"https:\/\/maricatotal.com.br\/site\/wp-json\/wp\/v2\/posts"}],"about":[{"href":"https:\/\/maricatotal.com.br\/site\/wp-json\/wp\/v2\/types\/post"}],"author":[{"embeddable":true,"href":"https:\/\/maricatotal.com.br\/site\/wp-json\/wp\/v2\/users\/1"}],"replies":[{"embeddable":true,"href":"https:\/\/maricatotal.com.br\/site\/wp-json\/wp\/v2\/comments?post=59007"}],"version-history":[{"count":1,"href":"https:\/\/maricatotal.com.br\/site\/wp-json\/wp\/v2\/posts\/59007\/revisions"}],"predecessor-version":[{"id":59010,"href":"https:\/\/maricatotal.com.br\/site\/wp-json\/wp\/v2\/posts\/59007\/revisions\/59010"}],"wp:featuredmedia":[{"embeddable":true,"href":"https:\/\/maricatotal.com.br\/site\/wp-json\/wp\/v2\/media\/59009"}],"wp:attachment":[{"href":"https:\/\/maricatotal.com.br\/site\/wp-json\/wp\/v2\/media?parent=59007"}],"wp:term":[{"taxonomy":"category","embeddable":true,"href":"https:\/\/maricatotal.com.br\/site\/wp-json\/wp\/v2\/categories?post=59007"},{"taxonomy":"post_tag","embeddable":true,"href":"https:\/\/maricatotal.com.br\/site\/wp-json\/wp\/v2\/tags?post=59007"}],"curies":[{"name":"wp","href":"https:\/\/api.w.org\/{rel}","templated":true}]}}