{"id":5915,"date":"2020-01-06T12:46:02","date_gmt":"2020-01-06T15:46:02","guid":{"rendered":"http:\/\/maricatotal.com.br\/site\/?p=5915"},"modified":"2020-01-06T12:46:04","modified_gmt":"2020-01-06T15:46:04","slug":"homens-sao-presos-com-drogas-no-risca-faca-2","status":"publish","type":"post","link":"https:\/\/maricatotal.com.br\/site\/2020\/01\/06\/homens-sao-presos-com-drogas-no-risca-faca-2\/","title":{"rendered":"HOMENS S\u00c3O PRESOS COM DROGAS NO RISCA FACA"},"content":{"rendered":"\n<figure class=\"wp-block-image size-large\"><img loading=\"lazy\" decoding=\"async\" width=\"1024\" height=\"483\" src=\"http:\/\/maricatotal.com.br\/site\/wp-content\/uploads\/2020\/01\/138F7E63-66EB-4A6A-86FA-8B89C4B93B78-1024x483.jpeg\" alt=\"\" class=\"wp-image-5916\" srcset=\"https:\/\/maricatotal.com.br\/site\/wp-content\/uploads\/2020\/01\/138F7E63-66EB-4A6A-86FA-8B89C4B93B78-1024x483.jpeg 1024w, https:\/\/maricatotal.com.br\/site\/wp-content\/uploads\/2020\/01\/138F7E63-66EB-4A6A-86FA-8B89C4B93B78-300x142.jpeg 300w, https:\/\/maricatotal.com.br\/site\/wp-content\/uploads\/2020\/01\/138F7E63-66EB-4A6A-86FA-8B89C4B93B78-768x362.jpeg 768w, https:\/\/maricatotal.com.br\/site\/wp-content\/uploads\/2020\/01\/138F7E63-66EB-4A6A-86FA-8B89C4B93B78-1536x725.jpeg 1536w, https:\/\/maricatotal.com.br\/site\/wp-content\/uploads\/2020\/01\/138F7E63-66EB-4A6A-86FA-8B89C4B93B78.jpeg 1803w\" sizes=\"auto, (max-width: 1024px) 100vw, 1024px\" \/><\/figure>\n\n\n\n<p>Dois homens e um menor foram presos no in\u00edcio da manh\u00e3 desta segunda-feira (6), na Comunidade do Risca Faca, em Ino\u00e3.<\/p>\n\n\n\n<p>Segundo informa\u00e7\u00f5es levantadas pelo Site Maric\u00e1 Total, em um cerco feito por policiais militares do Programa Estadual de Integra\u00e7\u00e3o na Seguran\u00e7a (PROEIS) e a Patrulha T\u00e1tico M\u00f3vel (PATAMO), foi feita a abordaram os homens que estavam em atitude suspeita, e na revista constou o material il\u00edcito.<\/p>\n\n\n\n<p>Os 3 elementos foram conduzidos a 82\u00aa DP (Maric\u00e1).<\/p>\n\n\n\n<p>Os dois homens foram soltos. O menor com dois mandados de pris\u00e3o em aberto por Tr\u00e1fico de Drogas ficar\u00e1 preso.<\/p>\n\n\n\n<p>Em atualiza\u00e7\u00e3o\u2026<\/p>\n","protected":false},"excerpt":{"rendered":"<p>Dois homens e um menor foram presos no in\u00edcio da manh\u00e3 desta segunda-feira (6), na Comunidade do Risca Faca, em<\/p>\n","protected":false},"author":1,"featured_media":0,"comment_status":"open","ping_status":"open","sticky":false,"template":"","format":"standard","meta":{"colormag_page_container_layout":"default_layout","colormag_page_sidebar_layout":"default_layout","footnotes":""},"categories":[1],"tags":[],"class_list":["post-5915","post","type-post","status-publish","format-standard","hentry","category-noticias"],"amp_enabled":true,"_links":{"self":[{"href":"https:\/\/maricatotal.com.br\/site\/wp-json\/wp\/v2\/posts\/5915","targetHints":{"allow":["GET"]}}],"collection":[{"href":"https:\/\/maricatotal.com.br\/site\/wp-json\/wp\/v2\/posts"}],"about":[{"href":"https:\/\/maricatotal.com.br\/site\/wp-json\/wp\/v2\/types\/post"}],"author":[{"embeddable":true,"href":"https:\/\/maricatotal.com.br\/site\/wp-json\/wp\/v2\/users\/1"}],"replies":[{"embeddable":true,"href":"https:\/\/maricatotal.com.br\/site\/wp-json\/wp\/v2\/comments?post=5915"}],"version-history":[{"count":0,"href":"https:\/\/maricatotal.com.br\/site\/wp-json\/wp\/v2\/posts\/5915\/revisions"}],"wp:attachment":[{"href":"https:\/\/maricatotal.com.br\/site\/wp-json\/wp\/v2\/media?parent=5915"}],"wp:term":[{"taxonomy":"category","embeddable":true,"href":"https:\/\/maricatotal.com.br\/site\/wp-json\/wp\/v2\/categories?post=5915"},{"taxonomy":"post_tag","embeddable":true,"href":"https:\/\/maricatotal.com.br\/site\/wp-json\/wp\/v2\/tags?post=5915"}],"curies":[{"name":"wp","href":"https:\/\/api.w.org\/{rel}","templated":true}]}}