{"id":59455,"date":"2023-12-19T23:54:51","date_gmt":"2023-12-20T02:54:51","guid":{"rendered":"https:\/\/maricatotal.com.br\/site\/?p=59455"},"modified":"2023-12-19T23:54:53","modified_gmt":"2023-12-20T02:54:53","slug":"marica-reforca-combate-as-construcoes-irregulares-em-areas-publicas","status":"publish","type":"post","link":"https:\/\/maricatotal.com.br\/site\/2023\/12\/19\/marica-reforca-combate-as-construcoes-irregulares-em-areas-publicas\/","title":{"rendered":"Maric\u00e1 refor\u00e7a combate \u00e0s constru\u00e7\u00f5es irregulares em \u00e1reas p\u00fablicas"},"content":{"rendered":"\n<p>Nesta ter\u00e7a-feira, 19 de dezembro, o Grupo de Apoio T\u00e9cnico  Especializado em Demoli\u00e7\u00f5es (GATED) da Prefeitura de Maric\u00e1 conduziu a  demoli\u00e7\u00e3o de duas resid\u00eancias situadas em \u00e1rea p\u00fablica na Avenida  Uirapurus, no Flamengo. As casas estavam localizadas no espa\u00e7o destinado  \u00e0 constru\u00e7\u00e3o do Anfiteatro do Parque Linear, impactando negativamente o  andamento das obras de lazer.<\/p>\n\n\n\n<p><strong><a href=\"https:\/\/chat.whatsapp.com\/E36A0xCLJxl2lWrJ1ijHs3\">QUER SABER DE TUDO QUE ACONTECE NA CIDADE? CLIQUE AQUI E ENTRE NO NOSSO GRUPO DO WHATSAPP.<\/a><\/strong><\/p>\n\n\n\n<p>Antes da demoli\u00e7\u00e3o, a Prefeitura notificou a fam\u00edlia que residia em uma  das casas, oferecendo suporte para participar dos programas de Loca\u00e7\u00e3o  Social e Habitar Reassentamentos, promovidos pela Secretaria de  Habita\u00e7\u00e3o e Assentamentos Humanos. No entanto, os moradores recusaram a  oferta. Esses programas foram disponibilizados para os habitantes das  proximidades do Parque Linear, sendo o Habitar Reassentamentos voltado  para a realoca\u00e7\u00e3o de pessoas em \u00e1reas de risco ou terrenos p\u00fablicos.<\/p>\n\n\n\n<p><div id=\"__next\"><div class=\"relative z-0 flex h-full w-full overflow-hidden\"><div class=\"relative flex h-full max-w-full flex-1 flex-col overflow-hidden\"><main class=\"relative h-full w-full flex-1 overflow-auto transition-width\"><div role=\"presentation\" class=\"flex h-full flex-col\"><div class=\"flex-1 overflow-hidden\"><div class=\"react-scroll-to-bottom--css-kecwx-79elbk h-full\"><div class=\"react-scroll-to-bottom--css-kecwx-1n7m0yu\"><div class=\"flex flex-col pb-9 text-sm\"><div class=\"w-full text-token-text-primary\" data-testid=\"conversation-turn-55\"><div class=\"px-4 py-2 justify-center text-base md:gap-6 m-auto\"><div class=\"flex flex-1 text-base mx-auto gap-3 md:px-5 lg:px-1 xl:px-5 md:max-w-3xl lg:max-w-[40rem] xl:max-w-[48rem] group final-completion\"><div class=\"relative flex w-full flex-col lg:w-[calc(100%-115px)] agent-turn\"><div class=\"flex-col gap-1 md:gap-3\"><div class=\"flex flex-grow flex-col max-w-full\"><div data-message-author-role=\"assistant\" data-message-id=\"47c74be3-38ad-429b-bbca-4e0bf0d112ad\" class=\"min-h-[20px] text-message flex flex-col items-start gap-3 whitespace-pre-wrap break-words [.text-message+&amp;]:mt-5 overflow-x-auto\"><div class=\"markdown prose w-full break-words dark:prose-invert dark\"><p>Durante a opera\u00e7\u00e3o, as equipes das secretarias de Urbanismo, Habita\u00e7\u00e3o e Assentamentos Humanos, Tr\u00e2nsito e Engenharia Vi\u00e1ria, com o apoio da autarquia Servi\u00e7os de Obras de Maric\u00e1 (Somar) e da Guarda Municipal, utilizaram ferramentas manuais e uma retroescavadeira.Esta foi a 60\u00aa a\u00e7\u00e3o realizada em 2023 pelo GATED, que promove reuni\u00f5es a cada 20 dias para planejar e executar opera\u00e7\u00f5es eficientes, visitando diversos bairros, como Itaipua\u00e7u, Spar, Jacaro\u00e1, Jardim Interlagos, Bambu\u00ed, Cordeirinho, Mumbuca e Condado. Desde 2022, a Prefeitura de Maric\u00e1 tem intensificado as a\u00e7\u00f5es desse grupo, criado atrav\u00e9s do decreto municipal n\u00ba 777 em 30 de novembro de 2021, com o objetivo de evitar constru\u00e7\u00f5es ilegais em \u00e1reas p\u00fablicas.O GATED \u00e9 composto pelas secretarias de Urbanismo, Ordem P\u00fablica e Gest\u00e3o de Gabinete Institucional, Tr\u00e2nsito, Comunica\u00e7\u00e3o Social, Habita\u00e7\u00e3o e Assentamentos Humanos, Cidade Sustent\u00e1vel e Assist\u00eancia Social, al\u00e9m da Procuradoria Geral do Munic\u00edpio; e das autarquias Somar e Codemar. Den\u00fancias sobre irregularidades podem ser feitas pelos telefones (21) 3731-9777 (n\u00facleo Centro), 97259-9213 (n\u00facleo Itaipua\u00e7u) ou 2253-1177 (Disque Den\u00fancia).<\/p><\/div><\/div><\/div><\/div><\/div><\/div><\/div><\/div><\/div><\/div><\/div><\/div><\/div><\/main><\/div><\/div><\/div><\/p>\n","protected":false},"excerpt":{"rendered":"<p>Nesta ter\u00e7a-feira, 19 de dezembro, o Grupo de Apoio T\u00e9cnico Especializado em Demoli\u00e7\u00f5es (GATED) da Prefeitura de Maric\u00e1 conduziu a<\/p>\n","protected":false},"author":1,"featured_media":59457,"comment_status":"open","ping_status":"open","sticky":false,"template":"","format":"standard","meta":{"colormag_page_container_layout":"default_layout","colormag_page_sidebar_layout":"default_layout","footnotes":""},"categories":[14],"tags":[],"class_list":["post-59455","post","type-post","status-publish","format-standard","has-post-thumbnail","hentry","category-bairros"],"amp_enabled":true,"_links":{"self":[{"href":"https:\/\/maricatotal.com.br\/site\/wp-json\/wp\/v2\/posts\/59455","targetHints":{"allow":["GET"]}}],"collection":[{"href":"https:\/\/maricatotal.com.br\/site\/wp-json\/wp\/v2\/posts"}],"about":[{"href":"https:\/\/maricatotal.com.br\/site\/wp-json\/wp\/v2\/types\/post"}],"author":[{"embeddable":true,"href":"https:\/\/maricatotal.com.br\/site\/wp-json\/wp\/v2\/users\/1"}],"replies":[{"embeddable":true,"href":"https:\/\/maricatotal.com.br\/site\/wp-json\/wp\/v2\/comments?post=59455"}],"version-history":[{"count":1,"href":"https:\/\/maricatotal.com.br\/site\/wp-json\/wp\/v2\/posts\/59455\/revisions"}],"predecessor-version":[{"id":59458,"href":"https:\/\/maricatotal.com.br\/site\/wp-json\/wp\/v2\/posts\/59455\/revisions\/59458"}],"wp:featuredmedia":[{"embeddable":true,"href":"https:\/\/maricatotal.com.br\/site\/wp-json\/wp\/v2\/media\/59457"}],"wp:attachment":[{"href":"https:\/\/maricatotal.com.br\/site\/wp-json\/wp\/v2\/media?parent=59455"}],"wp:term":[{"taxonomy":"category","embeddable":true,"href":"https:\/\/maricatotal.com.br\/site\/wp-json\/wp\/v2\/categories?post=59455"},{"taxonomy":"post_tag","embeddable":true,"href":"https:\/\/maricatotal.com.br\/site\/wp-json\/wp\/v2\/tags?post=59455"}],"curies":[{"name":"wp","href":"https:\/\/api.w.org\/{rel}","templated":true}]}}