{"id":59735,"date":"2023-12-29T18:52:25","date_gmt":"2023-12-29T21:52:25","guid":{"rendered":"https:\/\/maricatotal.com.br\/site\/?p=59735"},"modified":"2023-12-29T18:52:27","modified_gmt":"2023-12-29T21:52:27","slug":"familias-e-amigos-ainda-esperam-respostas-do-caso-da-jovem-catarina-encontrada-em-um-saco","status":"publish","type":"post","link":"https:\/\/maricatotal.com.br\/site\/2023\/12\/29\/familias-e-amigos-ainda-esperam-respostas-do-caso-da-jovem-catarina-encontrada-em-um-saco\/","title":{"rendered":"Fam\u00edlias e amigos ainda esperam respostas do caso da jovem catarina encontrada em um saco"},"content":{"rendered":"\n<p><div id=\"__next\"><div class=\"relative z-0 flex h-full w-full overflow-hidden\"><div class=\"relative flex h-full max-w-full flex-1 flex-col overflow-hidden\"><main class=\"relative h-full w-full flex-1 overflow-auto transition-width\"><div role=\"presentation\" class=\"flex h-full flex-col\"><div class=\"flex-1 overflow-hidden\"><div class=\"react-scroll-to-bottom--css-gntsp-79elbk h-full\"><div class=\"react-scroll-to-bottom--css-gntsp-1n7m0yu\"><div class=\"flex flex-col pb-9 text-sm\"><div class=\"w-full text-token-text-primary\" data-testid=\"conversation-turn-161\"><div class=\"px-4 py-2 justify-center text-base md:gap-6 m-auto\"><div class=\"flex flex-1 text-base mx-auto gap-3 md:px-5 lg:px-1 xl:px-5 md:max-w-3xl lg:max-w-[40rem] xl:max-w-[48rem] group final-completion\"><div class=\"relative flex w-full flex-col lg:w-[calc(100%-115px)] agent-turn\"><div class=\"flex-col gap-1 md:gap-3\"><div class=\"flex flex-grow flex-col max-w-full\"><div data-message-author-role=\"assistant\" data-message-id=\"3072da98-013d-49b3-85f4-ff7e0316bbf1\" class=\"min-h-[20px] text-message flex flex-col items-start gap-3 whitespace-pre-wrap break-words [.text-message+&amp;]:mt-5 overflow-x-auto\"><div class=\"markdown prose w-full break-words dark:prose-invert dark\"><p>Tr\u00eas meses se passaram desde a trag\u00e9dia que tirou a vida da jovem Catarina Leite de Brito, de 22 anos, e a ang\u00fastia persiste entre amigos e familiares que, at\u00e9 o momento, n\u00e3o obtiveram respostas sobre o brutal assassinato.O crime chocante ocorreu no \u00faltimo dia 9 de outubro, quando o corpo de Catarina foi encontrado \u00e0s margens da RJ-114 (Estrada Maric\u00e1-Itabora\u00ed). A jovem, que estava gr\u00e1vida de oito meses e j\u00e1 era m\u00e3e de tr\u00eas filhos, foi encontrada com o corpo amarrado e embalado em um saco pl\u00e1stico por transeuntes que passavam pelo local, os quais imediatamente acionaram as autoridades.Apesar da gravidade do ocorrido, a Delegacia de Homic\u00eddios de Niter\u00f3i, S\u00e3o Gon\u00e7alo e Itabora\u00ed (DHNSG), respons\u00e1vel pela investiga\u00e7\u00e3o, ainda n\u00e3o divulgou informa\u00e7\u00f5es sobre o andamento do caso, deixando amigos e familiares sem qualquer novidade ou suspeito identificado.<\/p><\/div><\/div><\/div><\/div><\/div><\/div><\/div><\/div><\/div><\/div><\/div><\/div><\/div><\/main><\/div><\/div><\/div><\/p>\n","protected":false},"excerpt":{"rendered":"<p>Tr\u00eas meses se passaram desde a trag\u00e9dia que tirou a vida da jovem Catarina Leite de Brito, de 22 anos,<\/p>\n","protected":false},"author":1,"featured_media":57159,"comment_status":"open","ping_status":"open","sticky":false,"template":"","format":"standard","meta":{"colormag_page_container_layout":"default_layout","colormag_page_sidebar_layout":"default_layout","footnotes":""},"categories":[1],"tags":[],"class_list":["post-59735","post","type-post","status-publish","format-standard","has-post-thumbnail","hentry","category-noticias"],"amp_enabled":true,"_links":{"self":[{"href":"https:\/\/maricatotal.com.br\/site\/wp-json\/wp\/v2\/posts\/59735","targetHints":{"allow":["GET"]}}],"collection":[{"href":"https:\/\/maricatotal.com.br\/site\/wp-json\/wp\/v2\/posts"}],"about":[{"href":"https:\/\/maricatotal.com.br\/site\/wp-json\/wp\/v2\/types\/post"}],"author":[{"embeddable":true,"href":"https:\/\/maricatotal.com.br\/site\/wp-json\/wp\/v2\/users\/1"}],"replies":[{"embeddable":true,"href":"https:\/\/maricatotal.com.br\/site\/wp-json\/wp\/v2\/comments?post=59735"}],"version-history":[{"count":1,"href":"https:\/\/maricatotal.com.br\/site\/wp-json\/wp\/v2\/posts\/59735\/revisions"}],"predecessor-version":[{"id":59737,"href":"https:\/\/maricatotal.com.br\/site\/wp-json\/wp\/v2\/posts\/59735\/revisions\/59737"}],"wp:featuredmedia":[{"embeddable":true,"href":"https:\/\/maricatotal.com.br\/site\/wp-json\/wp\/v2\/media\/57159"}],"wp:attachment":[{"href":"https:\/\/maricatotal.com.br\/site\/wp-json\/wp\/v2\/media?parent=59735"}],"wp:term":[{"taxonomy":"category","embeddable":true,"href":"https:\/\/maricatotal.com.br\/site\/wp-json\/wp\/v2\/categories?post=59735"},{"taxonomy":"post_tag","embeddable":true,"href":"https:\/\/maricatotal.com.br\/site\/wp-json\/wp\/v2\/tags?post=59735"}],"curies":[{"name":"wp","href":"https:\/\/api.w.org\/{rel}","templated":true}]}}