{"id":59893,"date":"2024-01-05T16:16:30","date_gmt":"2024-01-05T19:16:30","guid":{"rendered":"https:\/\/maricatotal.com.br\/site\/?p=59893"},"modified":"2024-01-05T16:16:33","modified_gmt":"2024-01-05T19:16:33","slug":"funcionario-da-e-m-darcy-ribeiro-agride-funcionario-dos-correios","status":"publish","type":"post","link":"https:\/\/maricatotal.com.br\/site\/2024\/01\/05\/funcionario-da-e-m-darcy-ribeiro-agride-funcionario-dos-correios\/","title":{"rendered":"Funcion\u00e1rio da E.M Darcy Ribeiro agride funcion\u00e1rio dos Correios"},"content":{"rendered":"\n<p>Uma situa\u00e7\u00e3o lament\u00e1vel ocorreu na Escola Municipal Darcy Ribeiro, em  Maric\u00e1, envolvendo um funcion\u00e1rio da escola e um carteiro dos Correios. O  incidente teve in\u00edcio quando o carteiro foi entregar uma  correspond\u00eancia na escola, e o funcion\u00e1rio da institui\u00e7\u00e3o afirmou n\u00e3o  conhecer ningu\u00e9m com o nome do destinat\u00e1rio indicado.<\/p>\n\n\n\n<p>Diante dessa situa\u00e7\u00e3o, o carteiro orientou que o campo destinat\u00e1rio  deveria ser preenchido com uma das informa\u00e7\u00f5es padr\u00e3o, como  &#8220;desconhecido&#8221; ou &#8220;recusado&#8221;. Foi nesse momento que o funcion\u00e1rio da  escola saiu do pr\u00e9dio e, de maneira agressiva, atingiu o rosto do  carteiro com um soco, resultando em ferimentos e a quebra dos \u00f3culos do  trabalhador dos Correios.<\/p>\n\n\n\n<p>\u00c9 importante destacar que o funcion\u00e1rio dos Correios agredido \u00e9 um  senhor de idade, o que torna o ocorrido ainda mais preocupante.  Atualmente, ele encontra-se na 82\u00aa Delegacia de Pol\u00edcia para registrar a  ocorr\u00eancia, al\u00e9m de ter ido ao hospital para realizar exames e obter o  Boletim de Atendimento M\u00e9dico (BAN).<\/p>\n","protected":false},"excerpt":{"rendered":"<p>Uma situa\u00e7\u00e3o lament\u00e1vel ocorreu na Escola Municipal Darcy Ribeiro, em Maric\u00e1, envolvendo um funcion\u00e1rio da escola e um carteiro dos<\/p>\n","protected":false},"author":1,"featured_media":55322,"comment_status":"open","ping_status":"open","sticky":false,"template":"","format":"standard","meta":{"colormag_page_container_layout":"default_layout","colormag_page_sidebar_layout":"default_layout","footnotes":""},"categories":[17],"tags":[],"class_list":["post-59893","post","type-post","status-publish","format-standard","has-post-thumbnail","hentry","category-politica"],"amp_enabled":true,"_links":{"self":[{"href":"https:\/\/maricatotal.com.br\/site\/wp-json\/wp\/v2\/posts\/59893","targetHints":{"allow":["GET"]}}],"collection":[{"href":"https:\/\/maricatotal.com.br\/site\/wp-json\/wp\/v2\/posts"}],"about":[{"href":"https:\/\/maricatotal.com.br\/site\/wp-json\/wp\/v2\/types\/post"}],"author":[{"embeddable":true,"href":"https:\/\/maricatotal.com.br\/site\/wp-json\/wp\/v2\/users\/1"}],"replies":[{"embeddable":true,"href":"https:\/\/maricatotal.com.br\/site\/wp-json\/wp\/v2\/comments?post=59893"}],"version-history":[{"count":1,"href":"https:\/\/maricatotal.com.br\/site\/wp-json\/wp\/v2\/posts\/59893\/revisions"}],"predecessor-version":[{"id":59896,"href":"https:\/\/maricatotal.com.br\/site\/wp-json\/wp\/v2\/posts\/59893\/revisions\/59896"}],"wp:featuredmedia":[{"embeddable":true,"href":"https:\/\/maricatotal.com.br\/site\/wp-json\/wp\/v2\/media\/55322"}],"wp:attachment":[{"href":"https:\/\/maricatotal.com.br\/site\/wp-json\/wp\/v2\/media?parent=59893"}],"wp:term":[{"taxonomy":"category","embeddable":true,"href":"https:\/\/maricatotal.com.br\/site\/wp-json\/wp\/v2\/categories?post=59893"},{"taxonomy":"post_tag","embeddable":true,"href":"https:\/\/maricatotal.com.br\/site\/wp-json\/wp\/v2\/tags?post=59893"}],"curies":[{"name":"wp","href":"https:\/\/api.w.org\/{rel}","templated":true}]}}