{"id":59898,"date":"2024-01-06T00:55:45","date_gmt":"2024-01-06T03:55:45","guid":{"rendered":"https:\/\/maricatotal.com.br\/site\/?p=59898"},"modified":"2024-01-06T00:57:52","modified_gmt":"2024-01-06T03:57:52","slug":"pedestre-morre-em-acidente-envolvendo-moto-na-rj-106","status":"publish","type":"post","link":"https:\/\/maricatotal.com.br\/site\/2024\/01\/06\/pedestre-morre-em-acidente-envolvendo-moto-na-rj-106\/","title":{"rendered":"Pedestre morre em acidente envolvendo moto na RJ-106"},"content":{"rendered":"\n<p>Uma triste ocorr\u00eancia marcou a noite desta sexta-feira, 05, em Ino\u00e3,  Maric\u00e1, quando um pedestre perdeu a vida ap\u00f3s ser atropelado por uma  motocicleta na altura do km 18,5 da RJ-106, conhecida como Rodovia  Amaral Peixoto.<\/p>\n\n\n\n<p>O acidente ocorreu em frente ao posto Aleluia e envolveu um motociclista  que seguia no sentido Niter\u00f3i. Segundo relatos, o pedestre atravessou a  pista de forma repentina, surpreendendo o condutor da moto, que n\u00e3o  teve tempo h\u00e1bil para frear.<\/p>\n\n\n\n<p>O impacto da batida foi violento, resultando em ferimentos graves no  pedestre. Apesar do acionamento do socorro m\u00e9dico, infelizmente, nada  p\u00f4de ser feito, pois a v\u00edtima j\u00e1 estava sem vida.<\/p>\n\n\n\n<p>Os agentes do Posto Regional de Pol\u00edcia T\u00e9cnico-Cient\u00edfico (PRPTC) est\u00e3o  a caminho do local para realizar a per\u00edcia. Ap\u00f3s essa etapa, o corpo foi identificado como de Marcos Ant\u00f4nio de Oliveira Cesar, de 36 anos,  que foi removido pelo rabec\u00e3o da Defesa Civil e  encaminhado para o Instituto M\u00e9dico Legal (IML) do Barreto, em Niter\u00f3i.<\/p>\n\n\n\n<p>A Pol\u00edcia Militar, por meio do Comando de Pol\u00edcia Rodovi\u00e1ria (CPRv),  tamb\u00e9m compareceu ao local para registrar a ocorr\u00eancia e prestar aux\u00edlio  na gest\u00e3o do tr\u00e1fego, que ficou comprometido por alguns quil\u00f4metros.<\/p>\n","protected":false},"excerpt":{"rendered":"<p>Uma triste ocorr\u00eancia marcou a noite desta sexta-feira, 05, em Ino\u00e3, Maric\u00e1, quando um pedestre perdeu a vida ap\u00f3s ser<\/p>\n","protected":false},"author":1,"featured_media":59900,"comment_status":"open","ping_status":"open","sticky":false,"template":"","format":"standard","meta":{"colormag_page_container_layout":"default_layout","colormag_page_sidebar_layout":"default_layout","footnotes":""},"categories":[1],"tags":[],"class_list":["post-59898","post","type-post","status-publish","format-standard","has-post-thumbnail","hentry","category-noticias"],"amp_enabled":true,"_links":{"self":[{"href":"https:\/\/maricatotal.com.br\/site\/wp-json\/wp\/v2\/posts\/59898","targetHints":{"allow":["GET"]}}],"collection":[{"href":"https:\/\/maricatotal.com.br\/site\/wp-json\/wp\/v2\/posts"}],"about":[{"href":"https:\/\/maricatotal.com.br\/site\/wp-json\/wp\/v2\/types\/post"}],"author":[{"embeddable":true,"href":"https:\/\/maricatotal.com.br\/site\/wp-json\/wp\/v2\/users\/1"}],"replies":[{"embeddable":true,"href":"https:\/\/maricatotal.com.br\/site\/wp-json\/wp\/v2\/comments?post=59898"}],"version-history":[{"count":2,"href":"https:\/\/maricatotal.com.br\/site\/wp-json\/wp\/v2\/posts\/59898\/revisions"}],"predecessor-version":[{"id":59903,"href":"https:\/\/maricatotal.com.br\/site\/wp-json\/wp\/v2\/posts\/59898\/revisions\/59903"}],"wp:featuredmedia":[{"embeddable":true,"href":"https:\/\/maricatotal.com.br\/site\/wp-json\/wp\/v2\/media\/59900"}],"wp:attachment":[{"href":"https:\/\/maricatotal.com.br\/site\/wp-json\/wp\/v2\/media?parent=59898"}],"wp:term":[{"taxonomy":"category","embeddable":true,"href":"https:\/\/maricatotal.com.br\/site\/wp-json\/wp\/v2\/categories?post=59898"},{"taxonomy":"post_tag","embeddable":true,"href":"https:\/\/maricatotal.com.br\/site\/wp-json\/wp\/v2\/tags?post=59898"}],"curies":[{"name":"wp","href":"https:\/\/api.w.org\/{rel}","templated":true}]}}