{"id":59904,"date":"2024-01-06T01:11:57","date_gmt":"2024-01-06T04:11:57","guid":{"rendered":"https:\/\/maricatotal.com.br\/site\/?p=59904"},"modified":"2024-01-06T01:11:59","modified_gmt":"2024-01-06T04:11:59","slug":"desaparecida-de-inoa-se-manifesta-nas-redes-sociais-e-esclarece-situacao","status":"publish","type":"post","link":"https:\/\/maricatotal.com.br\/site\/2024\/01\/06\/desaparecida-de-inoa-se-manifesta-nas-redes-sociais-e-esclarece-situacao\/","title":{"rendered":"Desaparecida de Ino\u00e3 se manifesta nas redes sociais e esclarece situa\u00e7\u00e3o"},"content":{"rendered":"\n<p><div id=\"__next\"><div class=\"relative z-0 flex h-full w-full overflow-hidden\"><div class=\"relative flex h-full max-w-full flex-1 flex-col overflow-hidden\"><main class=\"relative h-full w-full flex-1 overflow-auto transition-width\"><div role=\"presentation\" class=\"flex h-full flex-col\"><div class=\"flex-1 overflow-hidden\"><div class=\"react-scroll-to-bottom--css-mgycd-79elbk h-full\"><div class=\"react-scroll-to-bottom--css-mgycd-1n7m0yu\"><div class=\"flex flex-col pb-9 text-sm\"><div class=\"w-full text-token-text-primary\" data-testid=\"conversation-turn-215\"><div class=\"px-4 py-2 justify-center text-base md:gap-6 m-auto\"><div class=\"flex flex-1 text-base mx-auto gap-3 md:px-5 lg:px-1 xl:px-5 md:max-w-3xl lg:max-w-[40rem] xl:max-w-[48rem] group final-completion\"><div class=\"relative flex w-full flex-col lg:w-[calc(100%-115px)] agent-turn\"><div class=\"flex-col gap-1 md:gap-3\"><div class=\"flex flex-grow flex-col max-w-full\"><div data-message-author-role=\"assistant\" data-message-id=\"6d6f8b56-4df3-4f4e-b469-e49cd0abdac6\" class=\"min-h-[20px] text-message flex flex-col items-start gap-3 whitespace-pre-wrap break-words [.text-message+&amp;]:mt-5 overflow-x-auto\"><div class=\"markdown prose w-full break-words dark:prose-invert dark\"><p>A jovem moradora do condom\u00ednio &#8216;Minha Casa, Minha Vida&#8217; em Ino\u00e3, Nikelle Lima Carvalho, que estava desaparecida desde a \u00faltima segunda-feira, 01, juntamente com seu filho Davi, de 5 anos, utilizou as redes sociais para informar sobre seu paradeiro.Nikelle, que havia brigado com o namorado no condom\u00ednio antes do desaparecimento, fez uma postagem no Facebook esclarecendo a situa\u00e7\u00e3o. Na publica\u00e7\u00e3o, ela afirmou que tanto ela quanto a crian\u00e7a est\u00e3o bem, justificando que n\u00e3o p\u00f4de responder a ningu\u00e9m porque estava sem celular. Agradeceu \u00e0s preocupa\u00e7\u00f5es e pediu desculpas pelo susto causado.Ainda na postagem, Nikelle relatou ter sido praticamente expulsa de casa ap\u00f3s um desentendimento com seu companheiro. Diante disso, optou por se mudar com o filho, decidindo n\u00e3o informar ningu\u00e9m para garantir a pr\u00f3pria seguran\u00e7a.<\/p><\/div><\/div><\/div><\/div><\/div><\/div><\/div><\/div><\/div><\/div><\/div><\/div><\/div><\/main><\/div><\/div><\/div><\/p>\n","protected":false},"excerpt":{"rendered":"<p>A jovem moradora do condom\u00ednio &#8216;Minha Casa, Minha Vida&#8217; em Ino\u00e3, Nikelle Lima Carvalho, que estava desaparecida desde a \u00faltima<\/p>\n","protected":false},"author":1,"featured_media":59905,"comment_status":"open","ping_status":"open","sticky":false,"template":"","format":"standard","meta":{"colormag_page_container_layout":"default_layout","colormag_page_sidebar_layout":"default_layout","footnotes":""},"categories":[1],"tags":[],"class_list":["post-59904","post","type-post","status-publish","format-standard","has-post-thumbnail","hentry","category-noticias"],"amp_enabled":true,"_links":{"self":[{"href":"https:\/\/maricatotal.com.br\/site\/wp-json\/wp\/v2\/posts\/59904","targetHints":{"allow":["GET"]}}],"collection":[{"href":"https:\/\/maricatotal.com.br\/site\/wp-json\/wp\/v2\/posts"}],"about":[{"href":"https:\/\/maricatotal.com.br\/site\/wp-json\/wp\/v2\/types\/post"}],"author":[{"embeddable":true,"href":"https:\/\/maricatotal.com.br\/site\/wp-json\/wp\/v2\/users\/1"}],"replies":[{"embeddable":true,"href":"https:\/\/maricatotal.com.br\/site\/wp-json\/wp\/v2\/comments?post=59904"}],"version-history":[{"count":1,"href":"https:\/\/maricatotal.com.br\/site\/wp-json\/wp\/v2\/posts\/59904\/revisions"}],"predecessor-version":[{"id":59907,"href":"https:\/\/maricatotal.com.br\/site\/wp-json\/wp\/v2\/posts\/59904\/revisions\/59907"}],"wp:featuredmedia":[{"embeddable":true,"href":"https:\/\/maricatotal.com.br\/site\/wp-json\/wp\/v2\/media\/59905"}],"wp:attachment":[{"href":"https:\/\/maricatotal.com.br\/site\/wp-json\/wp\/v2\/media?parent=59904"}],"wp:term":[{"taxonomy":"category","embeddable":true,"href":"https:\/\/maricatotal.com.br\/site\/wp-json\/wp\/v2\/categories?post=59904"},{"taxonomy":"post_tag","embeddable":true,"href":"https:\/\/maricatotal.com.br\/site\/wp-json\/wp\/v2\/tags?post=59904"}],"curies":[{"name":"wp","href":"https:\/\/api.w.org\/{rel}","templated":true}]}}