{"id":59937,"date":"2024-01-06T16:19:15","date_gmt":"2024-01-06T19:19:15","guid":{"rendered":"https:\/\/maricatotal.com.br\/site\/?p=59937"},"modified":"2024-01-06T16:19:17","modified_gmt":"2024-01-06T19:19:17","slug":"leo-157-chefe-do-trafico-em-itaborai-e-capturado-pela-policia-militar","status":"publish","type":"post","link":"https:\/\/maricatotal.com.br\/site\/2024\/01\/06\/leo-157-chefe-do-trafico-em-itaborai-e-capturado-pela-policia-militar\/","title":{"rendered":"L\u00e9o 157, chefe do tr\u00e1fico em Itabora\u00ed, \u00e9 capturado pela Pol\u00edcia Militar"},"content":{"rendered":"\n<p>Na manh\u00e3 desta sexta-feira (5), a Pol\u00edcia Militar realizou a pris\u00e3o de  um indiv\u00edduo identificado como &#8220;L\u00e9o 157&#8221;, apontado como l\u00edder do tr\u00e1fico  de drogas na comunidade Vila Brasil, em Itabora\u00ed, na regi\u00e3o  metropolitana do Rio de Janeiro.<\/p>\n\n\n\n<p>A captura ocorreu durante uma a\u00e7\u00e3o em resposta a uma den\u00fancia,  informando que traficantes estariam instalando barricadas na regi\u00e3o. No  momento da abordagem, &#8220;L\u00e9o 157&#8221; foi detido, e com ele foram apreendidos  um fuzil, uma granada e um cinto de guarni\u00e7\u00e3o.<\/p>\n\n\n\n<p>A pris\u00e3o representa um golpe significativo no combate ao tr\u00e1fico de  drogas na localidade, uma vez que &#8220;L\u00e9o 157&#8221; \u00e9 apontado como o l\u00edder  m\u00e1ximo da hierarquia criminosa na comunidade. A presen\u00e7a do armamento de  alto calibre ressalta a gravidade da atua\u00e7\u00e3o do grupo, e a apreens\u00e3o  contribui para a redu\u00e7\u00e3o do potencial nocivo do tr\u00e1fico na regi\u00e3o.<\/p>\n","protected":false},"excerpt":{"rendered":"<p>Na manh\u00e3 desta sexta-feira (5), a Pol\u00edcia Militar realizou a pris\u00e3o de um indiv\u00edduo identificado como &#8220;L\u00e9o 157&#8221;, apontado como<\/p>\n","protected":false},"author":1,"featured_media":59938,"comment_status":"open","ping_status":"open","sticky":false,"template":"","format":"standard","meta":{"colormag_page_container_layout":"default_layout","colormag_page_sidebar_layout":"default_layout","footnotes":""},"categories":[1],"tags":[],"class_list":["post-59937","post","type-post","status-publish","format-standard","has-post-thumbnail","hentry","category-noticias"],"amp_enabled":true,"_links":{"self":[{"href":"https:\/\/maricatotal.com.br\/site\/wp-json\/wp\/v2\/posts\/59937","targetHints":{"allow":["GET"]}}],"collection":[{"href":"https:\/\/maricatotal.com.br\/site\/wp-json\/wp\/v2\/posts"}],"about":[{"href":"https:\/\/maricatotal.com.br\/site\/wp-json\/wp\/v2\/types\/post"}],"author":[{"embeddable":true,"href":"https:\/\/maricatotal.com.br\/site\/wp-json\/wp\/v2\/users\/1"}],"replies":[{"embeddable":true,"href":"https:\/\/maricatotal.com.br\/site\/wp-json\/wp\/v2\/comments?post=59937"}],"version-history":[{"count":1,"href":"https:\/\/maricatotal.com.br\/site\/wp-json\/wp\/v2\/posts\/59937\/revisions"}],"predecessor-version":[{"id":59940,"href":"https:\/\/maricatotal.com.br\/site\/wp-json\/wp\/v2\/posts\/59937\/revisions\/59940"}],"wp:featuredmedia":[{"embeddable":true,"href":"https:\/\/maricatotal.com.br\/site\/wp-json\/wp\/v2\/media\/59938"}],"wp:attachment":[{"href":"https:\/\/maricatotal.com.br\/site\/wp-json\/wp\/v2\/media?parent=59937"}],"wp:term":[{"taxonomy":"category","embeddable":true,"href":"https:\/\/maricatotal.com.br\/site\/wp-json\/wp\/v2\/categories?post=59937"},{"taxonomy":"post_tag","embeddable":true,"href":"https:\/\/maricatotal.com.br\/site\/wp-json\/wp\/v2\/tags?post=59937"}],"curies":[{"name":"wp","href":"https:\/\/api.w.org\/{rel}","templated":true}]}}