{"id":60102,"date":"2024-01-13T11:19:05","date_gmt":"2024-01-13T14:19:05","guid":{"rendered":"https:\/\/maricatotal.com.br\/site\/?p=60102"},"modified":"2024-01-29T14:50:30","modified_gmt":"2024-01-29T17:50:30","slug":"corpo-e-encontrado-carbonizado-em-carro-na-restinga-de-marica","status":"publish","type":"post","link":"https:\/\/maricatotal.com.br\/site\/2024\/01\/13\/corpo-e-encontrado-carbonizado-em-carro-na-restinga-de-marica\/","title":{"rendered":"Corpo \u00e9 encontrado carbonizado em carro na Restinga de Maric\u00e1"},"content":{"rendered":"\n<p>Neste s\u00e1bado, 13, um ve\u00edculo incendiado na Restinga de Maric\u00e1 revelou uma cena chocante: um corpo totalmente carbonizado foi descoberto no interior do autom\u00f3vel. O incidente, ocorrido por volta das 8h, foi notado por transeuntes que acionaram imediatamente as autoridades policiais.<\/p>\n\n\n\n<p>A Pol\u00edcia Militar foi prontamente ao local para investigar a ocorr\u00eancia. Ao chegar, constatou-se que havia um cad\u00e1ver dentro do ve\u00edculo queimado, por\u00e9m, a v\u00edtima n\u00e3o foi identificada, e n\u00e3o h\u00e1 informa\u00e7\u00f5es sobre seu g\u00eanero. A Divis\u00e3o de Homic\u00eddios de Niter\u00f3i de S\u00e3o Gon\u00e7alo (DHNSG) tamb\u00e9m foi acionada para realizar a per\u00edcia e iniciar as investiga\u00e7\u00f5es sobre a motiva\u00e7\u00e3o e autoria do crime.<\/p>\n\n\n\n<p>O Rabec\u00e3o da Defesa Civil foi chamado para remover o corpo, que ser\u00e1 encaminhado ao Instituto M\u00e9dico Legal (IML) do Barreto, em Niter\u00f3i. J\u00e1 o ve\u00edculo ser\u00e1 rebocado pela Guarda Municipal. O caso levanta questionamentos e requer uma investiga\u00e7\u00e3o rigorosa para esclarecer os detalhes desse tr\u00e1gico acontecimento na Restinga de Maric\u00e1.<\/p>\n","protected":false},"excerpt":{"rendered":"<p>Neste s\u00e1bado, 13, um ve\u00edculo incendiado na Restinga de Maric\u00e1 revelou uma cena chocante: um corpo totalmente carbonizado foi descoberto<\/p>\n","protected":false},"author":1,"featured_media":60104,"comment_status":"open","ping_status":"open","sticky":false,"template":"","format":"standard","meta":{"colormag_page_container_layout":"default_layout","colormag_page_sidebar_layout":"default_layout","footnotes":""},"categories":[35,14,1],"tags":[],"class_list":["post-60102","post","type-post","status-publish","format-standard","has-post-thumbnail","hentry","category-top-stories","category-bairros","category-noticias"],"amp_enabled":true,"_links":{"self":[{"href":"https:\/\/maricatotal.com.br\/site\/wp-json\/wp\/v2\/posts\/60102","targetHints":{"allow":["GET"]}}],"collection":[{"href":"https:\/\/maricatotal.com.br\/site\/wp-json\/wp\/v2\/posts"}],"about":[{"href":"https:\/\/maricatotal.com.br\/site\/wp-json\/wp\/v2\/types\/post"}],"author":[{"embeddable":true,"href":"https:\/\/maricatotal.com.br\/site\/wp-json\/wp\/v2\/users\/1"}],"replies":[{"embeddable":true,"href":"https:\/\/maricatotal.com.br\/site\/wp-json\/wp\/v2\/comments?post=60102"}],"version-history":[{"count":1,"href":"https:\/\/maricatotal.com.br\/site\/wp-json\/wp\/v2\/posts\/60102\/revisions"}],"predecessor-version":[{"id":60105,"href":"https:\/\/maricatotal.com.br\/site\/wp-json\/wp\/v2\/posts\/60102\/revisions\/60105"}],"wp:featuredmedia":[{"embeddable":true,"href":"https:\/\/maricatotal.com.br\/site\/wp-json\/wp\/v2\/media\/60104"}],"wp:attachment":[{"href":"https:\/\/maricatotal.com.br\/site\/wp-json\/wp\/v2\/media?parent=60102"}],"wp:term":[{"taxonomy":"category","embeddable":true,"href":"https:\/\/maricatotal.com.br\/site\/wp-json\/wp\/v2\/categories?post=60102"},{"taxonomy":"post_tag","embeddable":true,"href":"https:\/\/maricatotal.com.br\/site\/wp-json\/wp\/v2\/tags?post=60102"}],"curies":[{"name":"wp","href":"https:\/\/api.w.org\/{rel}","templated":true}]}}