{"id":60284,"date":"2024-01-18T09:32:59","date_gmt":"2024-01-18T12:32:59","guid":{"rendered":"https:\/\/maricatotal.com.br\/site\/?p=60284"},"modified":"2024-01-29T15:01:00","modified_gmt":"2024-01-29T18:01:00","slug":"apos-morte-de-motoboyquaqua-promete-pacificacao-do-mcmv-de-itaipuacu","status":"publish","type":"post","link":"https:\/\/maricatotal.com.br\/site\/2024\/01\/18\/apos-morte-de-motoboyquaqua-promete-pacificacao-do-mcmv-de-itaipuacu\/","title":{"rendered":"Ap\u00f3s morte de motoboy,Quaqu\u00e1 promete pacifica\u00e7\u00e3o do MCMV de Itaipua\u00e7u"},"content":{"rendered":"\n<p>O deputado federal Washington Quaqu\u00e1 emitiu uma declara\u00e7\u00e3o oficial ap\u00f3s a  morte tr\u00e1gica do motoboy Lucas Eiler, ocorrida no \u00faltimo final de  semana no condom\u00ednio &#8216;Minha Casa, Minha Vida&#8217; em Itaipua\u00e7u. Quaqu\u00e1,  ex-prefeito de Maric\u00e1 e respons\u00e1vel pela implementa\u00e7\u00e3o dos conjuntos  habitacionais na cidade durante sua gest\u00e3o, expressou sua inten\u00e7\u00e3o de  pacificar os condom\u00ednios em meio \u00e0 crescente preocupa\u00e7\u00e3o com a  viol\u00eancia.<\/p>\n\n\n\n<p>O deputado enfatizou que est\u00e1 aguardando os desdobramentos e informa\u00e7\u00f5es  sobre os eventos recentes relacionados \u00e0 viol\u00eancia no &#8216;Minha Casa,  Minha Vida&#8217; e afirmou sua determina\u00e7\u00e3o em pacificar os condom\u00ednios,  independentemente dos desafios que possam surgir.<\/p>\n\n\n\n<p>&#8220;Quero deixar claro que vou trabalhar pela pacifica\u00e7\u00e3o dos condom\u00ednios,  independentemente de qualquer obst\u00e1culo. N\u00e3o vou permitir que criminosos  controlem qualquer parte da cidade. Bandidos e mil\u00edcias s\u00e3o a mesma  coisa, e n\u00e3o vou tolerar que um \u00fanico metro quadrado do munic\u00edpio esteja  sob controle deles&#8221;, declarou Quaqu\u00e1 em suas redes sociais.<\/p>\n\n\n\n<p>A manifesta\u00e7\u00e3o do deputado reflete a preocupa\u00e7\u00e3o crescente com a  seguran\u00e7a nos conjuntos habitacionais de Maric\u00e1 e sua determina\u00e7\u00e3o em  buscar solu\u00e7\u00f5es para pacificar essas \u00e1reas, proporcionando um ambiente  mais seguro para os residentes.<\/p>\n","protected":false},"excerpt":{"rendered":"<p>O deputado federal Washington Quaqu\u00e1 emitiu uma declara\u00e7\u00e3o oficial ap\u00f3s a morte tr\u00e1gica do motoboy Lucas Eiler, ocorrida no \u00faltimo<\/p>\n","protected":false},"author":1,"featured_media":60286,"comment_status":"open","ping_status":"open","sticky":false,"template":"","format":"standard","meta":{"colormag_page_container_layout":"default_layout","colormag_page_sidebar_layout":"default_layout","footnotes":""},"categories":[35,14,17],"tags":[],"class_list":["post-60284","post","type-post","status-publish","format-standard","has-post-thumbnail","hentry","category-top-stories","category-bairros","category-politica"],"amp_enabled":true,"_links":{"self":[{"href":"https:\/\/maricatotal.com.br\/site\/wp-json\/wp\/v2\/posts\/60284","targetHints":{"allow":["GET"]}}],"collection":[{"href":"https:\/\/maricatotal.com.br\/site\/wp-json\/wp\/v2\/posts"}],"about":[{"href":"https:\/\/maricatotal.com.br\/site\/wp-json\/wp\/v2\/types\/post"}],"author":[{"embeddable":true,"href":"https:\/\/maricatotal.com.br\/site\/wp-json\/wp\/v2\/users\/1"}],"replies":[{"embeddable":true,"href":"https:\/\/maricatotal.com.br\/site\/wp-json\/wp\/v2\/comments?post=60284"}],"version-history":[{"count":1,"href":"https:\/\/maricatotal.com.br\/site\/wp-json\/wp\/v2\/posts\/60284\/revisions"}],"predecessor-version":[{"id":60287,"href":"https:\/\/maricatotal.com.br\/site\/wp-json\/wp\/v2\/posts\/60284\/revisions\/60287"}],"wp:featuredmedia":[{"embeddable":true,"href":"https:\/\/maricatotal.com.br\/site\/wp-json\/wp\/v2\/media\/60286"}],"wp:attachment":[{"href":"https:\/\/maricatotal.com.br\/site\/wp-json\/wp\/v2\/media?parent=60284"}],"wp:term":[{"taxonomy":"category","embeddable":true,"href":"https:\/\/maricatotal.com.br\/site\/wp-json\/wp\/v2\/categories?post=60284"},{"taxonomy":"post_tag","embeddable":true,"href":"https:\/\/maricatotal.com.br\/site\/wp-json\/wp\/v2\/tags?post=60284"}],"curies":[{"name":"wp","href":"https:\/\/api.w.org\/{rel}","templated":true}]}}