{"id":60337,"date":"2024-01-19T10:04:10","date_gmt":"2024-01-19T13:04:10","guid":{"rendered":"https:\/\/maricatotal.com.br\/site\/?p=60337"},"modified":"2024-01-29T15:02:16","modified_gmt":"2024-01-29T18:02:16","slug":"inauguracao-do-novo-centro-de-comercio-popular-em-marica-esta-prevista-para-janeiro","status":"publish","type":"post","link":"https:\/\/maricatotal.com.br\/site\/2024\/01\/19\/inauguracao-do-novo-centro-de-comercio-popular-em-marica-esta-prevista-para-janeiro\/","title":{"rendered":"Inaugura\u00e7\u00e3o do novo Centro de Com\u00e9rcio Popular em Maric\u00e1 est\u00e1 prevista para janeiro"},"content":{"rendered":"\n<p>A Prefeitura de Maric\u00e1 est\u00e1 nos preparativos finais para a inaugura\u00e7\u00e3o  do aguardado Centro de Com\u00e9rcio Popular (Cecop). A expectativa \u00e9 que o  novo camel\u00f3dromo municipal seja aberto ao p\u00fablico at\u00e9 o final do m\u00eas de  janeiro.<\/p>\n\n\n\n<p>Com 114 boxes comerciais, o Cecop est\u00e1 praticamente conclu\u00eddo,  necessitando apenas de alguns ajustes antes da inaugura\u00e7\u00e3o oficial.  Dentre esses espa\u00e7os, aproximadamente 9 ser\u00e3o destinados a servi\u00e7os de  alimenta\u00e7\u00e3o, visando atender \u00e0s demandas da popula\u00e7\u00e3o local.<\/p>\n\n\n\n<p>Ap\u00f3s a finaliza\u00e7\u00e3o das obras e a realiza\u00e7\u00e3o das devidas fiscaliza\u00e7\u00f5es,  os 400 comerciantes que j\u00e1 se inscreveram poder\u00e3o iniciar suas  atividades no novo espa\u00e7o comercial. O local abrigar\u00e1 uma variedade de  produtos, incluindo alimentos, bebidas, souvenires, artesanatos, al\u00e9m de  itens de arte, vestu\u00e1rio, cal\u00e7ados, acess\u00f3rios e bijuterias.<\/p>\n\n\n\n<p>A chegada do Cecop representa uma importante iniciativa para fortalecer o  com\u00e9rcio local, oferecendo um ambiente diversificado e atrativo para  moradores e visitantes.<\/p>\n","protected":false},"excerpt":{"rendered":"<p>A Prefeitura de Maric\u00e1 est\u00e1 nos preparativos finais para a inaugura\u00e7\u00e3o do aguardado Centro de Com\u00e9rcio Popular (Cecop). A expectativa<\/p>\n","protected":false},"author":1,"featured_media":60339,"comment_status":"open","ping_status":"open","sticky":false,"template":"","format":"standard","meta":{"colormag_page_container_layout":"default_layout","colormag_page_sidebar_layout":"default_layout","footnotes":""},"categories":[35,14,17],"tags":[],"class_list":["post-60337","post","type-post","status-publish","format-standard","has-post-thumbnail","hentry","category-top-stories","category-bairros","category-politica"],"amp_enabled":true,"_links":{"self":[{"href":"https:\/\/maricatotal.com.br\/site\/wp-json\/wp\/v2\/posts\/60337","targetHints":{"allow":["GET"]}}],"collection":[{"href":"https:\/\/maricatotal.com.br\/site\/wp-json\/wp\/v2\/posts"}],"about":[{"href":"https:\/\/maricatotal.com.br\/site\/wp-json\/wp\/v2\/types\/post"}],"author":[{"embeddable":true,"href":"https:\/\/maricatotal.com.br\/site\/wp-json\/wp\/v2\/users\/1"}],"replies":[{"embeddable":true,"href":"https:\/\/maricatotal.com.br\/site\/wp-json\/wp\/v2\/comments?post=60337"}],"version-history":[{"count":1,"href":"https:\/\/maricatotal.com.br\/site\/wp-json\/wp\/v2\/posts\/60337\/revisions"}],"predecessor-version":[{"id":60340,"href":"https:\/\/maricatotal.com.br\/site\/wp-json\/wp\/v2\/posts\/60337\/revisions\/60340"}],"wp:featuredmedia":[{"embeddable":true,"href":"https:\/\/maricatotal.com.br\/site\/wp-json\/wp\/v2\/media\/60339"}],"wp:attachment":[{"href":"https:\/\/maricatotal.com.br\/site\/wp-json\/wp\/v2\/media?parent=60337"}],"wp:term":[{"taxonomy":"category","embeddable":true,"href":"https:\/\/maricatotal.com.br\/site\/wp-json\/wp\/v2\/categories?post=60337"},{"taxonomy":"post_tag","embeddable":true,"href":"https:\/\/maricatotal.com.br\/site\/wp-json\/wp\/v2\/tags?post=60337"}],"curies":[{"name":"wp","href":"https:\/\/api.w.org\/{rel}","templated":true}]}}