{"id":60343,"date":"2024-01-19T15:20:54","date_gmt":"2024-01-19T18:20:54","guid":{"rendered":"https:\/\/maricatotal.com.br\/site\/?p=60343"},"modified":"2024-01-29T15:02:20","modified_gmt":"2024-01-29T18:02:20","slug":"hospital-che-guevara-tera-tratamento-de-cancer-de-pele","status":"publish","type":"post","link":"https:\/\/maricatotal.com.br\/site\/2024\/01\/19\/hospital-che-guevara-tera-tratamento-de-cancer-de-pele\/","title":{"rendered":"Hospital Che Guevara ter\u00e1 tratamento de c\u00e2ncer de pele"},"content":{"rendered":"\n<p><div id=\"__next\"><div class=\"relative z-0 flex h-full w-full overflow-hidden\"><div class=\"relative flex h-full max-w-full flex-1 flex-col overflow-hidden\"><main class=\"relative h-full w-full flex-1 overflow-auto transition-width\"><div role=\"presentation\" class=\"flex h-full flex-col\"><div class=\"flex-1 overflow-hidden\"><div class=\"react-scroll-to-bottom--css-aeisx-79elbk h-full\"><div class=\"react-scroll-to-bottom--css-aeisx-1n7m0yu\"><div class=\"flex flex-col pb-9 text-sm\"><div class=\"w-full text-token-text-primary\" data-testid=\"conversation-turn-371\"><div class=\"px-4 py-2 justify-center text-base md:gap-6 m-auto\"><div class=\"flex flex-1 text-base mx-auto gap-3 md:px-5 lg:px-1 xl:px-5 md:max-w-3xl lg:max-w-[40rem] xl:max-w-[48rem] group final-completion\"><div class=\"relative flex w-full flex-col lg:w-[calc(100%-115px)] agent-turn\"><div class=\"flex-col gap-1 md:gap-3\"><div class=\"flex flex-grow flex-col max-w-full\"><div data-message-author-role=\"assistant\" data-message-id=\"89226df2-7d5b-48ac-b2ef-43d4dcd4a688\" class=\"min-h-[20px] text-message flex flex-col items-start gap-3 whitespace-pre-wrap break-words [.text-message+&amp;]:mt-5 overflow-x-auto\"><div class=\"markdown prose w-full break-words dark:prose-invert dark\"><p>A partir de fevereiro, a cidade de Maric\u00e1 introduzir\u00e1 um inovador servi\u00e7o de sa\u00fade voltado para a preven\u00e7\u00e3o e tratamento do c\u00e2ncer de pele. Este atendimento ambulatorial pioneiro na regi\u00e3o ser\u00e1 oferecido no Hospital Municipal Dr. Ernesto Che Guevara, visando abordar pacientes com les\u00f5es suspeitas ou confirmadas da doen\u00e7a, mediante agendamento pela central de regula\u00e7\u00e3o.O Servi\u00e7o de Preven\u00e7\u00e3o e Tratamento de C\u00e2ncer de Pele estar\u00e1 acess\u00edvel \u00e0 popula\u00e7\u00e3o em geral, com uma aten\u00e7\u00e3o especial voltada para os trabalhadores da gest\u00e3o municipal expostos a riscos solares. O processo compreende consulta, bi\u00f3psia, procedimentos e acompanhamento, estando integrado ao servi\u00e7o de dermatologia cir\u00fargica. A identifica\u00e7\u00e3o da demanda por essa especialidade ocorrer\u00e1 nas Unidades de Sa\u00fade da Fam\u00edlia (USF), que encaminhar\u00e3o as solicita\u00e7\u00f5es \u00e0 Central de Regula\u00e7\u00e3o para a subsequente marca\u00e7\u00e3o de consultas.Uma reuni\u00e3o de alinhamento ocorrida em 10 de janeiro no HMDECG delineou os pr\u00f3ximos passos desse servi\u00e7o. Participaram da discuss\u00e3o Juliana Nogueira, subsecret\u00e1ria da Rede de Urg\u00eancia e Emerg\u00eancia, Marcelo Velho, subsecret\u00e1rio de Ensino e Pesquisa, diretores da unidade hospitalar e a primeira-dama Rosana Horta, idealizadora da iniciativa.A partir de fevereiro, os profissionais das USFs iniciar\u00e3o uma busca ativa por usu\u00e1rios necessitados de assist\u00eancia relacionada \u00e0 preven\u00e7\u00e3o e tratamento do c\u00e2ncer de pele. Posteriormente, encaminhar\u00e3o esses casos \u00e0 Central de Regula\u00e7\u00e3o para a marca\u00e7\u00e3o de atendimentos no HMDECG.O c\u00e2ncer de pele, frequentemente, manifesta-se de forma sutil, inicialmente apresentando sinais como pintas ou verrugas, podendo progredir para est\u00e1gios mais graves sem detec\u00e7\u00e3o e tratamento precoces. Diante de altera\u00e7\u00f5es ou desses sinais, \u00e9 importante que as pessoas busquem imediatamente a USF de refer\u00eancia para iniciar o processo de avalia\u00e7\u00e3o e identifica\u00e7\u00e3o, minimizando impactos \u00e0 sa\u00fade e ampliando as chances de cura.<\/p><\/div><\/div><\/div><\/div><\/div><\/div><\/div><\/div><\/div><\/div><\/div><\/div><\/div><\/main><\/div><\/div><\/div><\/p>\n","protected":false},"excerpt":{"rendered":"<p>A partir de fevereiro, a cidade de Maric\u00e1 introduzir\u00e1 um inovador servi\u00e7o de sa\u00fade voltado para a preven\u00e7\u00e3o e tratamento<\/p>\n","protected":false},"author":1,"featured_media":60344,"comment_status":"open","ping_status":"open","sticky":false,"template":"","format":"standard","meta":{"colormag_page_container_layout":"default_layout","colormag_page_sidebar_layout":"default_layout","footnotes":""},"categories":[35,14,17],"tags":[],"class_list":["post-60343","post","type-post","status-publish","format-standard","has-post-thumbnail","hentry","category-top-stories","category-bairros","category-politica"],"amp_enabled":true,"_links":{"self":[{"href":"https:\/\/maricatotal.com.br\/site\/wp-json\/wp\/v2\/posts\/60343","targetHints":{"allow":["GET"]}}],"collection":[{"href":"https:\/\/maricatotal.com.br\/site\/wp-json\/wp\/v2\/posts"}],"about":[{"href":"https:\/\/maricatotal.com.br\/site\/wp-json\/wp\/v2\/types\/post"}],"author":[{"embeddable":true,"href":"https:\/\/maricatotal.com.br\/site\/wp-json\/wp\/v2\/users\/1"}],"replies":[{"embeddable":true,"href":"https:\/\/maricatotal.com.br\/site\/wp-json\/wp\/v2\/comments?post=60343"}],"version-history":[{"count":1,"href":"https:\/\/maricatotal.com.br\/site\/wp-json\/wp\/v2\/posts\/60343\/revisions"}],"predecessor-version":[{"id":60346,"href":"https:\/\/maricatotal.com.br\/site\/wp-json\/wp\/v2\/posts\/60343\/revisions\/60346"}],"wp:featuredmedia":[{"embeddable":true,"href":"https:\/\/maricatotal.com.br\/site\/wp-json\/wp\/v2\/media\/60344"}],"wp:attachment":[{"href":"https:\/\/maricatotal.com.br\/site\/wp-json\/wp\/v2\/media?parent=60343"}],"wp:term":[{"taxonomy":"category","embeddable":true,"href":"https:\/\/maricatotal.com.br\/site\/wp-json\/wp\/v2\/categories?post=60343"},{"taxonomy":"post_tag","embeddable":true,"href":"https:\/\/maricatotal.com.br\/site\/wp-json\/wp\/v2\/tags?post=60343"}],"curies":[{"name":"wp","href":"https:\/\/api.w.org\/{rel}","templated":true}]}}