{"id":60364,"date":"2024-01-20T00:35:08","date_gmt":"2024-01-20T03:35:08","guid":{"rendered":"https:\/\/maricatotal.com.br\/site\/?p=60364"},"modified":"2024-01-29T15:02:54","modified_gmt":"2024-01-29T18:02:54","slug":"religiosos-protestam-exigindo-cassacao-do-vereador-ricardinho-netuno","status":"publish","type":"post","link":"https:\/\/maricatotal.com.br\/site\/2024\/01\/20\/religiosos-protestam-exigindo-cassacao-do-vereador-ricardinho-netuno\/","title":{"rendered":"Religiosos protestam exigindo cassa\u00e7\u00e3o do Vereador Ricardinho Netuno"},"content":{"rendered":"\n<p>Na sequ\u00eancia da exposi\u00e7\u00e3o do caso de intoler\u00e2ncia religiosa envolvendo o vereador Ricardinho Netuno, feita pela Rede Globo &#8220;InterTV&#8221;, uma manifesta\u00e7\u00e3o expressiva de religiosos, aparentemente ligados a religi\u00f5es de matrizes africanas, tomou os arredores da C\u00e2mara Municipal de Maric\u00e1. O protesto teve como objetivo exigir a cassa\u00e7\u00e3o do mandato do vereador por conta das atitudes consideradas discriminat\u00f3rias.<\/p>\n\n\n\n<p>No v\u00eddeo divulgado por Ricardinho Netuno, durante uma oficina de artes de ver\u00e3o organizada pela prefeitura, crian\u00e7as eram mostradas aprendendo sobre religi\u00f5es de matrizes africanas.<\/p>\n\n\n\n<p>Diversos manifestantes se reuniram em frente \u00e0 C\u00e2mara Municipal, exibindo cartazes e entoando palavras de ordem em busca de justi\u00e7a e respeito \u00e0 diversidade religiosa. A principal reivindica\u00e7\u00e3o era a cassa\u00e7\u00e3o do mandato de Ricardinho Netuno, respons\u00e1vel por atitudes que, segundo os manifestantes, configuram intoler\u00e2ncia religiosa. Gra\u00e7as a atua\u00e7\u00e3o da seguran\u00e7a da C\u00e2mara que agiu com cautela e sabedoria a coisa n\u00e3o houve desordem.<span class=\"\"><span class=\"o38k74y6 i86elurf neme6l2y kojwoqec bbl9m3t3 i5tg98hk jfqm35v0 przvwfww bdbt56hn cr2cog7z\" aria-hidden=\"true\"><span class=\"tvf2evcx oq44ahr5\"><\/span><\/span><\/span><\/p>\n\n\n\n<p>O caso ganhou ainda mais repercuss\u00e3o ap\u00f3s a m\u00e3e de uma das crian\u00e7as presentes no v\u00eddeo denunciar o vereador na Delegacia de Maric\u00e1 (82\u00aa DP).<\/p>\n\n\n\n<p>Diante da press\u00e3o crescente, a C\u00e2mara Municipal de Maric\u00e1 se viu diante de uma nova pol\u00eamica envolvendo Ricardinho Netuno, que j\u00e1 havia sido alvo de pedidos de cassa\u00e7\u00e3o no ano anterior. A Comiss\u00e3o de \u00c9tica ser\u00e1 acionada para analisar as den\u00fancias e decidir sobre eventuais medidas disciplinares contra o vereador.<\/p>\n\n\n\n<p>Em sua defesa, o Vereador Ricardinho disse ao Jornal Maric\u00e1 Total:<\/p>\n\n\n\n<p><em>&#8220;Existe um movimento pol\u00edtico tentando imputar a mim algo que eu nunca disse. No v\u00eddeo em quest\u00e3o eu apenas falei que recebi um v\u00eddeo no WhatsApp e pedi a opini\u00e3o das pessoas a respeito desse v\u00eddeo. O que precisamos destacar \u00e9 que a cidade de Maric\u00e1 atrav\u00e9s da Sec. De Cultura executa projetos voltados a apenas uma religi\u00e3o, ignorando completamente as outras religi\u00f5es. Vale ressaltar que o Secret\u00e1rio de Cultura que \u00e9 namorado do filho da Zeidan faz parte dessa religi\u00e3o, assim como 90% dos funcion\u00e1rios da Secretaria de cultura. Grande parte das pessoas que est\u00e3o me atacando s\u00e3o lotadas na Prefeitura de Maric\u00e1 e parece haver um movimento coordenado para propagar mentiras ao meu respeito e deturpar o que eu disse. Vamos apurar todo uso da m\u00e1quina p\u00fablica nesse movimento de assassinato de reputa\u00e7\u00e3o. Infelizmente, em MARIC\u00c1, muitos parlamentares se acotovelam para me atacar como se fosse um pr\u00eamio para agradar \u00e0 situa\u00e7\u00e3o \u201cgoverno\u201d. Querem esp\u00f3lio de guerra para dividirem os louros. Os fatos n\u00e3o importam, o que vale s\u00e3o as narrativas pra agradar a corte e eliminar a voz solit\u00e1ria que clama no deserto.&#8221;<\/em><\/p>\n\n\n\n<p>A C\u00e2mara Municipal soltou uma noto dizendo:<\/p>\n\n\n\n<p><em>*Nota \u00e0 Imprensa &#8211; C\u00e2mara Municipal de Maric\u00e1* A C\u00e2mara Municipal de Maric\u00e1, de forma veemente, n\u00e3o compactua e repudia atitudes como a intoler\u00e2ncia religiosa. Esclarecemos que o protocolo referente ao pedido de cassa\u00e7\u00e3o do vereador foi devidamente encaminhado ao Conselho de \u00c9tica para a apropriada apura\u00e7\u00e3o da conduta em quest\u00e3o. Salientamos que este documento est\u00e1 em tramita\u00e7\u00e3o interna, sendo conduzido com a m\u00e1xima seriedade que o caso demanda.<\/em><\/p>\n\n\n\n<p><div id=\"app\"><div class=\"_1Fm4m _1h2dM app-wrapper-web os-win _13Dep\"><div tabindex=\"-1\" class=\"two _1jJ70\"><div class=\"_2Ts6i _2xAQV\"><div id=\"main\" class=\"_2Ex_b\"><div class=\"_3B19s\"><div class=\"_3cjY2 copyable-area\"><div class=\"_5kRIK\" tabindex=\"0\"><div tabindex=\"-1\" class=\"n5hs2j7m oq31bsqd gx1rr48f qh5tioqs\" data-tab=\"8\" role=\"application\"><div role=\"row\" class=\"\"><div tabindex=\"-1\" class=\"CzM4m _2zFLj _3sxvM\" data-id=\"false_5521967329702@c.us_3A4CAF4B25DCA32AFDE6\"><div class=\"message-in focusable-list-item _1AOLJ _2UtSC _1jHIY\"><div class=\"UzMP7 _1uv-a\"><div class=\"_1BOF7 _2AOIt\"><div><div class=\"cm280p3y to2l77zo n1yiu2zv c6f98ldp ooty25bp oq31bsqd\"><div class=\"_2luNf copyable-text\" data-pre-plain-text=\"[16:17, 19\/01\/2024] Carlos  Maric\u00e1 Total: \"><div class=\"_21Ahp\"><div class=\"_2luNf copyable-text\" data-pre-plain-text=\"[23:06, 19\/01\/2024] Marica Total: \"><div class=\"_21Ahp\"><span class=\"\"><span class=\"o38k74y6 i86elurf neme6l2y kojwoqec bbl9m3t3 i5tg98hk jfqm35v0 przvwfww bdbt56hn cr2cog7z\" aria-hidden=\"true\"><span class=\"tvf2evcx oq44ahr5\"><\/span><\/span><\/span><\/div><\/div><\/div><\/div><\/div><\/div><\/div><\/div><\/div><\/div><\/div><\/div><\/div><\/div><\/div><\/div><\/div><\/div><\/div><\/div><\/p>\n\n\n\n<figure class=\"wp-block-video\"><video height=\"1080\" style=\"aspect-ratio: 1080 \/ 1080;\" width=\"1080\" controls src=\"https:\/\/maricatotal.com.br\/site\/wp-content\/uploads\/2024\/01\/ARTE-MARICA-TOTAL32.mp4\"><\/video><\/figure>\n","protected":false},"excerpt":{"rendered":"<p>Na sequ\u00eancia da exposi\u00e7\u00e3o do caso de intoler\u00e2ncia religiosa envolvendo o vereador Ricardinho Netuno, feita pela Rede Globo &#8220;InterTV&#8221;, uma<\/p>\n","protected":false},"author":1,"featured_media":60366,"comment_status":"open","ping_status":"open","sticky":false,"template":"","format":"standard","meta":{"colormag_page_container_layout":"default_layout","colormag_page_sidebar_layout":"default_layout","footnotes":""},"categories":[35,14,1],"tags":[],"class_list":["post-60364","post","type-post","status-publish","format-standard","has-post-thumbnail","hentry","category-top-stories","category-bairros","category-noticias"],"amp_enabled":true,"_links":{"self":[{"href":"https:\/\/maricatotal.com.br\/site\/wp-json\/wp\/v2\/posts\/60364","targetHints":{"allow":["GET"]}}],"collection":[{"href":"https:\/\/maricatotal.com.br\/site\/wp-json\/wp\/v2\/posts"}],"about":[{"href":"https:\/\/maricatotal.com.br\/site\/wp-json\/wp\/v2\/types\/post"}],"author":[{"embeddable":true,"href":"https:\/\/maricatotal.com.br\/site\/wp-json\/wp\/v2\/users\/1"}],"replies":[{"embeddable":true,"href":"https:\/\/maricatotal.com.br\/site\/wp-json\/wp\/v2\/comments?post=60364"}],"version-history":[{"count":1,"href":"https:\/\/maricatotal.com.br\/site\/wp-json\/wp\/v2\/posts\/60364\/revisions"}],"predecessor-version":[{"id":60368,"href":"https:\/\/maricatotal.com.br\/site\/wp-json\/wp\/v2\/posts\/60364\/revisions\/60368"}],"wp:featuredmedia":[{"embeddable":true,"href":"https:\/\/maricatotal.com.br\/site\/wp-json\/wp\/v2\/media\/60366"}],"wp:attachment":[{"href":"https:\/\/maricatotal.com.br\/site\/wp-json\/wp\/v2\/media?parent=60364"}],"wp:term":[{"taxonomy":"category","embeddable":true,"href":"https:\/\/maricatotal.com.br\/site\/wp-json\/wp\/v2\/categories?post=60364"},{"taxonomy":"post_tag","embeddable":true,"href":"https:\/\/maricatotal.com.br\/site\/wp-json\/wp\/v2\/tags?post=60364"}],"curies":[{"name":"wp","href":"https:\/\/api.w.org\/{rel}","templated":true}]}}