{"id":60374,"date":"2024-01-20T14:54:30","date_gmt":"2024-01-20T17:54:30","guid":{"rendered":"https:\/\/maricatotal.com.br\/site\/?p=60374"},"modified":"2024-02-22T09:51:47","modified_gmt":"2024-02-22T12:51:47","slug":"rio-de-janeiro-registra-reducao-historica-em-morte-violenta-em-confronto-com-a-policia-em-2023","status":"publish","type":"post","link":"https:\/\/maricatotal.com.br\/site\/2024\/01\/20\/rio-de-janeiro-registra-reducao-historica-em-morte-violenta-em-confronto-com-a-policia-em-2023\/","title":{"rendered":"Rio de Janeiro registra redu\u00e7\u00e3o hist\u00f3rica em morte violenta em confronto com a pol\u00edcia em 2023"},"content":{"rendered":"\n<p>O ano de 2023 marcou um marco hist\u00f3rico para o Estado do Rio de Janeiro,  que registrou o menor n\u00famero de mortes violentas em 34 anos, conforme  revelado pelo Instituto de Seguran\u00e7a P\u00fablica (ISP). O \u00edndice de  letalidade violenta, que engloba homic\u00eddio doloso, morte em confronto  com a pol\u00edcia, latroc\u00ednio e les\u00e3o corporal seguida de morte, apresentou  uma redu\u00e7\u00e3o de 5% em compara\u00e7\u00e3o com o ano anterior.<\/p>\n\n\n\n<p>Surpreendentemente, a queda n\u00e3o foi impulsionada pelos homic\u00eddios  dolosos, que tiveram um aumento de 7,3% durante o ano. A diminui\u00e7\u00e3o no  n\u00famero total de v\u00edtimas decorreu principalmente das mortes em confronto  com a pol\u00edcia, que experimentaram uma redu\u00e7\u00e3o de 35% em 2023 em rela\u00e7\u00e3o  ao ano anterior, totalizando 896 mortes. Este \u00e9 o \u00edndice mais baixo  desde 2015, quando as Unidades de Pol\u00edcia Pacificadora (UPPs) estavam no  auge.<\/p>\n\n\n\n<p>Em 2022, oito dos 12 meses registraram mais de cem mortes em confronto  com a pol\u00edcia, contrastando com os dois meses de 2023 que ultrapassaram  essa marca (janeiro e mar\u00e7o). Os 461 casos a menos no ano passado  alteraram significativamente a propor\u00e7\u00e3o dessas mortes em rela\u00e7\u00e3o \u00e0  letalidade violenta total.<\/p>\n\n\n\n<p>Quanto \u00e0s causas dessa queda, n\u00e3o h\u00e1 consenso entre os especialistas.  Alguns atribuem o decl\u00ednio \u00e0 crescente implementa\u00e7\u00e3o de c\u00e2meras nos  uniformes dos policiais, iniciada em junho de 2022. O jurista W\u00e1lter  Maierovitch destaca que as c\u00e2meras t\u00eam sido eficazes na redu\u00e7\u00e3o da  viol\u00eancia em todo o mundo, mudando a din\u00e2mica ao monitorar as a\u00e7\u00f5es  policiais e gerar evid\u00eancias.<\/p>\n\n\n\n<p>Jos\u00e9 Vicente da Silva Filho, ex-secret\u00e1rio Nacional de Seguran\u00e7a P\u00fablica  e coronel reformado da PM, menciona que um efeito semelhante ocorreu em  S\u00e3o Paulo em 2022, destacando a import\u00e2ncia do monitoramento para mudar  a cultura policial e fornecer provas consistentes.<\/p>\n","protected":false},"excerpt":{"rendered":"<p>O ano de 2023 marcou um marco hist\u00f3rico para o Estado do Rio de Janeiro, que registrou o menor n\u00famero<\/p>\n","protected":false},"author":1,"featured_media":54325,"comment_status":"open","ping_status":"open","sticky":false,"template":"","format":"standard","meta":{"colormag_page_container_layout":"default_layout","colormag_page_sidebar_layout":"default_layout","footnotes":""},"categories":[35,14,1],"tags":[],"class_list":["post-60374","post","type-post","status-publish","format-standard","has-post-thumbnail","hentry","category-top-stories","category-bairros","category-noticias"],"amp_enabled":true,"_links":{"self":[{"href":"https:\/\/maricatotal.com.br\/site\/wp-json\/wp\/v2\/posts\/60374","targetHints":{"allow":["GET"]}}],"collection":[{"href":"https:\/\/maricatotal.com.br\/site\/wp-json\/wp\/v2\/posts"}],"about":[{"href":"https:\/\/maricatotal.com.br\/site\/wp-json\/wp\/v2\/types\/post"}],"author":[{"embeddable":true,"href":"https:\/\/maricatotal.com.br\/site\/wp-json\/wp\/v2\/users\/1"}],"replies":[{"embeddable":true,"href":"https:\/\/maricatotal.com.br\/site\/wp-json\/wp\/v2\/comments?post=60374"}],"version-history":[{"count":1,"href":"https:\/\/maricatotal.com.br\/site\/wp-json\/wp\/v2\/posts\/60374\/revisions"}],"predecessor-version":[{"id":60376,"href":"https:\/\/maricatotal.com.br\/site\/wp-json\/wp\/v2\/posts\/60374\/revisions\/60376"}],"wp:featuredmedia":[{"embeddable":true,"href":"https:\/\/maricatotal.com.br\/site\/wp-json\/wp\/v2\/media\/54325"}],"wp:attachment":[{"href":"https:\/\/maricatotal.com.br\/site\/wp-json\/wp\/v2\/media?parent=60374"}],"wp:term":[{"taxonomy":"category","embeddable":true,"href":"https:\/\/maricatotal.com.br\/site\/wp-json\/wp\/v2\/categories?post=60374"},{"taxonomy":"post_tag","embeddable":true,"href":"https:\/\/maricatotal.com.br\/site\/wp-json\/wp\/v2\/tags?post=60374"}],"curies":[{"name":"wp","href":"https:\/\/api.w.org\/{rel}","templated":true}]}}