{"id":60473,"date":"2024-01-24T09:05:12","date_gmt":"2024-01-24T12:05:12","guid":{"rendered":"https:\/\/maricatotal.com.br\/site\/?p=60473"},"modified":"2024-01-29T15:07:22","modified_gmt":"2024-01-29T18:07:22","slug":"marica-estabelece-acordo-internacional-com-jiagmen-na-china","status":"publish","type":"post","link":"https:\/\/maricatotal.com.br\/site\/2024\/01\/24\/marica-estabelece-acordo-internacional-com-jiagmen-na-china\/","title":{"rendered":"Maric\u00e1 estabelece acordo internacional com Jiagmen, na China"},"content":{"rendered":"\n<p>Nesta ter\u00e7a-feira (23\/01), a Prefeitura de Maric\u00e1 formalizou a  assinatura do Memorando de Entendimento sobre a Amizade e Coopera\u00e7\u00e3o com  a cidade de Jiagmen, na China. O acordo, que visa fortalecer a  colabora\u00e7\u00e3o entre as duas localidades nas \u00e1reas de ci\u00eancia e tecnologia,  turismo, setor industrial, educa\u00e7\u00e3o e cultura, foi celebrado no Pa\u00e7o  Municipal. O secret\u00e1rio de Desenvolvimento Econ\u00f4mico, Igor Sardinha,  representou Maric\u00e1, enquanto autoridades chinesas do Consulado Geral da  Rep\u00fablica Popular da China no Rio de Janeiro tamb\u00e9m participaram da  cerim\u00f4nia virtual.<\/p>\n\n\n\n<p>A c\u00f4nsul geral da China, Tian Min, e o c\u00f4nsul comercial, Xu Yuasheng,  estiveram entre os representantes chineses presentes. O diretor do  departamento de Rela\u00e7\u00f5es Exteriores de Jiagmen, Zhao Xiaobin, e outros  membros do consulado tamb\u00e9m participaram, juntamente com CEOs de  empresas chinesas e autoridades municipais.<\/p>\n\n\n\n<p>Durante o evento, Igor Sardinha destacou que a escolha de Jiagmen para a  parceria se deu pela cidade chinesa apresentar similaridades com  Maric\u00e1, especialmente em est\u00e1gios avan\u00e7ados de consolida\u00e7\u00e3o nos setores  industrial, tecnol\u00f3gico e tur\u00edstico. O acordo abre portas para  oportunidades de interc\u00e2mbio e desenvolvimento conjunto entre as duas  cidades.<\/p>\n","protected":false},"excerpt":{"rendered":"<p>Nesta ter\u00e7a-feira (23\/01), a Prefeitura de Maric\u00e1 formalizou a assinatura do Memorando de Entendimento sobre a Amizade e Coopera\u00e7\u00e3o com<\/p>\n","protected":false},"author":1,"featured_media":60475,"comment_status":"open","ping_status":"open","sticky":false,"template":"","format":"standard","meta":{"colormag_page_container_layout":"default_layout","colormag_page_sidebar_layout":"default_layout","footnotes":""},"categories":[35,14,17],"tags":[],"class_list":["post-60473","post","type-post","status-publish","format-standard","has-post-thumbnail","hentry","category-top-stories","category-bairros","category-politica"],"amp_enabled":true,"_links":{"self":[{"href":"https:\/\/maricatotal.com.br\/site\/wp-json\/wp\/v2\/posts\/60473","targetHints":{"allow":["GET"]}}],"collection":[{"href":"https:\/\/maricatotal.com.br\/site\/wp-json\/wp\/v2\/posts"}],"about":[{"href":"https:\/\/maricatotal.com.br\/site\/wp-json\/wp\/v2\/types\/post"}],"author":[{"embeddable":true,"href":"https:\/\/maricatotal.com.br\/site\/wp-json\/wp\/v2\/users\/1"}],"replies":[{"embeddable":true,"href":"https:\/\/maricatotal.com.br\/site\/wp-json\/wp\/v2\/comments?post=60473"}],"version-history":[{"count":1,"href":"https:\/\/maricatotal.com.br\/site\/wp-json\/wp\/v2\/posts\/60473\/revisions"}],"predecessor-version":[{"id":60476,"href":"https:\/\/maricatotal.com.br\/site\/wp-json\/wp\/v2\/posts\/60473\/revisions\/60476"}],"wp:featuredmedia":[{"embeddable":true,"href":"https:\/\/maricatotal.com.br\/site\/wp-json\/wp\/v2\/media\/60475"}],"wp:attachment":[{"href":"https:\/\/maricatotal.com.br\/site\/wp-json\/wp\/v2\/media?parent=60473"}],"wp:term":[{"taxonomy":"category","embeddable":true,"href":"https:\/\/maricatotal.com.br\/site\/wp-json\/wp\/v2\/categories?post=60473"},{"taxonomy":"post_tag","embeddable":true,"href":"https:\/\/maricatotal.com.br\/site\/wp-json\/wp\/v2\/tags?post=60473"}],"curies":[{"name":"wp","href":"https:\/\/api.w.org\/{rel}","templated":true}]}}