{"id":60518,"date":"2024-01-25T20:55:52","date_gmt":"2024-01-25T23:55:52","guid":{"rendered":"https:\/\/maricatotal.com.br\/site\/?p=60518"},"modified":"2024-01-29T15:08:17","modified_gmt":"2024-01-29T18:08:17","slug":"usuarios-denunciam-condicoes-precarias-dos-onibus-vermelhinhos-em-marica","status":"publish","type":"post","link":"https:\/\/maricatotal.com.br\/site\/2024\/01\/25\/usuarios-denunciam-condicoes-precarias-dos-onibus-vermelhinhos-em-marica\/","title":{"rendered":"Usu\u00e1rios denunciam condi\u00e7\u00f5es prec\u00e1rias dos \u00f4nibus Vermelhinhos em Maric\u00e1"},"content":{"rendered":"\n<p>Moradores de Maric\u00e1 t\u00eam expressado preocupa\u00e7\u00f5es sobre as condi\u00e7\u00f5es  prec\u00e1rias dos \u00f4nibus vermelhinhos que operam no munic\u00edpio. V\u00eddeos  enviados \u00e0 equipe do jornal Maric\u00e1 Total mostram a situa\u00e7\u00e3o alarmante de  alguns ve\u00edculos, onde os usu\u00e1rios enfrentam riscos evidentes de  seguran\u00e7a.<\/p>\n\n\n\n<p><div id=\"__next\"><div class=\"relative z-0 flex h-full w-full overflow-hidden\"><div class=\"relative flex h-full max-w-full flex-1 flex-col overflow-hidden\"><main class=\"relative h-full w-full flex-1 overflow-auto transition-width\"><div role=\"presentation\" class=\"flex h-full flex-col\"><div class=\"flex-1 overflow-hidden\"><div class=\"react-scroll-to-bottom--css-ykhth-79elbk h-full\"><div class=\"react-scroll-to-bottom--css-ykhth-1n7m0yu\"><div class=\"flex flex-col pb-9 text-sm\"><div class=\"w-full text-token-text-primary\" data-testid=\"conversation-turn-445\"><div class=\"px-4 py-2 justify-center text-base md:gap-6 m-auto\"><div class=\"flex flex-1 text-base mx-auto gap-3 md:px-5 lg:px-1 xl:px-5 md:max-w-3xl lg:max-w-[40rem] xl:max-w-[48rem] group final-completion\"><div class=\"relative flex w-full flex-col lg:w-[calc(100%-115px)] agent-turn\"><div class=\"flex-col gap-1 md:gap-3\"><div class=\"flex flex-grow flex-col max-w-full\"><div data-message-author-role=\"assistant\" data-message-id=\"85860ce3-37a0-42c7-a9fe-0aac6e2a1449\" class=\"min-h-[20px] text-message flex flex-col items-start gap-3 whitespace-pre-wrap break-words [.text-message+&amp;]:mt-5 overflow-x-auto\"><div class=\"markdown prose w-full break-words dark:prose-invert dark\"><p>Nas imagens, \u00e9 poss\u00edvel observar vidros dos \u00f4nibus tremendo e fazendo barulho, indicando um estado prec\u00e1rio e, em alguns casos, at\u00e9 mesmo a possibilidade iminente de desprendimento, o que poderia resultar em ferimentos para os passageiros.Al\u00e9m disso, relatos apontam para a exist\u00eancia de ferros de apoio dentro dos \u00f4nibus quebrados, representando um risco significativo para os passageiros. A situa\u00e7\u00e3o levanta preocupa\u00e7\u00f5es s\u00e9rias sobre a seguran\u00e7a dos usu\u00e1rios que dependem diariamente desse meio de transporte.<\/p><\/div><\/div><\/div><\/div><\/div><\/div><\/div><\/div><\/div><\/div><\/div><\/div><\/div><\/main><\/div><\/div><\/div><\/p>\n","protected":false},"excerpt":{"rendered":"<p>Moradores de Maric\u00e1 t\u00eam expressado preocupa\u00e7\u00f5es sobre as condi\u00e7\u00f5es prec\u00e1rias dos \u00f4nibus vermelhinhos que operam no munic\u00edpio. V\u00eddeos enviados \u00e0<\/p>\n","protected":false},"author":1,"featured_media":60520,"comment_status":"open","ping_status":"open","sticky":false,"template":"","format":"standard","meta":{"colormag_page_container_layout":"default_layout","colormag_page_sidebar_layout":"default_layout","footnotes":""},"categories":[35,14,17],"tags":[],"class_list":["post-60518","post","type-post","status-publish","format-standard","has-post-thumbnail","hentry","category-top-stories","category-bairros","category-politica"],"amp_enabled":true,"_links":{"self":[{"href":"https:\/\/maricatotal.com.br\/site\/wp-json\/wp\/v2\/posts\/60518","targetHints":{"allow":["GET"]}}],"collection":[{"href":"https:\/\/maricatotal.com.br\/site\/wp-json\/wp\/v2\/posts"}],"about":[{"href":"https:\/\/maricatotal.com.br\/site\/wp-json\/wp\/v2\/types\/post"}],"author":[{"embeddable":true,"href":"https:\/\/maricatotal.com.br\/site\/wp-json\/wp\/v2\/users\/1"}],"replies":[{"embeddable":true,"href":"https:\/\/maricatotal.com.br\/site\/wp-json\/wp\/v2\/comments?post=60518"}],"version-history":[{"count":1,"href":"https:\/\/maricatotal.com.br\/site\/wp-json\/wp\/v2\/posts\/60518\/revisions"}],"predecessor-version":[{"id":60521,"href":"https:\/\/maricatotal.com.br\/site\/wp-json\/wp\/v2\/posts\/60518\/revisions\/60521"}],"wp:featuredmedia":[{"embeddable":true,"href":"https:\/\/maricatotal.com.br\/site\/wp-json\/wp\/v2\/media\/60520"}],"wp:attachment":[{"href":"https:\/\/maricatotal.com.br\/site\/wp-json\/wp\/v2\/media?parent=60518"}],"wp:term":[{"taxonomy":"category","embeddable":true,"href":"https:\/\/maricatotal.com.br\/site\/wp-json\/wp\/v2\/categories?post=60518"},{"taxonomy":"post_tag","embeddable":true,"href":"https:\/\/maricatotal.com.br\/site\/wp-json\/wp\/v2\/tags?post=60518"}],"curies":[{"name":"wp","href":"https:\/\/api.w.org\/{rel}","templated":true}]}}