{"id":60623,"date":"2024-01-29T15:44:26","date_gmt":"2024-01-29T18:44:26","guid":{"rendered":"https:\/\/maricatotal.com.br\/site\/?p=60623"},"modified":"2024-01-29T15:44:28","modified_gmt":"2024-01-29T18:44:28","slug":"mae-procura-por-homem-autista-que-fugiu-de-sg-para-marica","status":"publish","type":"post","link":"https:\/\/maricatotal.com.br\/site\/2024\/01\/29\/mae-procura-por-homem-autista-que-fugiu-de-sg-para-marica\/","title":{"rendered":"M\u00e3e procura por homem autista que fugiu de SG para Maric\u00e1"},"content":{"rendered":"\n<p>Diego Brum, um homem de 38 anos diagnosticado com autismo, encontra-se  desaparecido desde a madrugada de s\u00e1bado, 27 de janeiro, quando  fugiu de sua resid\u00eancia no bairro J\u00f3quei, em S\u00e3o Gon\u00e7alo. Segundo  relatos de sua m\u00e3e, Diego saiu de casa por volta das 3 horas da  madrugada, vestindo short e camisa azul.<\/p>\n\n\n\n<p>O desaparecimento de Diego Brum tem causado grande preocupa\u00e7\u00e3o \u00e0 sua  fam\u00edlia, especialmente devido ao seu diagn\u00f3stico de autismo, o que pode  tornar a situa\u00e7\u00e3o ainda mais desafiadora para ele. Sua m\u00e3e, ao perceber a  aus\u00eancia do filho, prontamente registrou um boletim de ocorr\u00eancia na  Delegacia de Maric\u00e1 (82\u00aa DP).<\/p>\n\n\n\n<p>Informa\u00e7\u00f5es preliminares indicam que Diego foi avistado em Ponta Grossa, aparentemente desorientado, por uma amiga da fam\u00edlia<\/p>\n\n\n\n<p>Quem tiver informa\u00e7\u00f5es sobre o paradeiro de Diego Brum pode entrar em  contato com a fam\u00edlia atrav\u00e9s do telefone 21968760577. A colabora\u00e7\u00e3o de  todos \u00e9 fundamental para reunir Diego com sua fam\u00edlia e assegurar seu  bem-estar.<\/p>\n","protected":false},"excerpt":{"rendered":"<p>Diego Brum, um homem de 38 anos diagnosticado com autismo, encontra-se desaparecido desde a madrugada de s\u00e1bado, 27 de janeiro,<\/p>\n","protected":false},"author":1,"featured_media":60624,"comment_status":"open","ping_status":"open","sticky":false,"template":"","format":"standard","meta":{"colormag_page_container_layout":"default_layout","colormag_page_sidebar_layout":"default_layout","footnotes":""},"categories":[35,14,1],"tags":[],"class_list":["post-60623","post","type-post","status-publish","format-standard","has-post-thumbnail","hentry","category-top-stories","category-bairros","category-noticias"],"amp_enabled":true,"_links":{"self":[{"href":"https:\/\/maricatotal.com.br\/site\/wp-json\/wp\/v2\/posts\/60623","targetHints":{"allow":["GET"]}}],"collection":[{"href":"https:\/\/maricatotal.com.br\/site\/wp-json\/wp\/v2\/posts"}],"about":[{"href":"https:\/\/maricatotal.com.br\/site\/wp-json\/wp\/v2\/types\/post"}],"author":[{"embeddable":true,"href":"https:\/\/maricatotal.com.br\/site\/wp-json\/wp\/v2\/users\/1"}],"replies":[{"embeddable":true,"href":"https:\/\/maricatotal.com.br\/site\/wp-json\/wp\/v2\/comments?post=60623"}],"version-history":[{"count":1,"href":"https:\/\/maricatotal.com.br\/site\/wp-json\/wp\/v2\/posts\/60623\/revisions"}],"predecessor-version":[{"id":60626,"href":"https:\/\/maricatotal.com.br\/site\/wp-json\/wp\/v2\/posts\/60623\/revisions\/60626"}],"wp:featuredmedia":[{"embeddable":true,"href":"https:\/\/maricatotal.com.br\/site\/wp-json\/wp\/v2\/media\/60624"}],"wp:attachment":[{"href":"https:\/\/maricatotal.com.br\/site\/wp-json\/wp\/v2\/media?parent=60623"}],"wp:term":[{"taxonomy":"category","embeddable":true,"href":"https:\/\/maricatotal.com.br\/site\/wp-json\/wp\/v2\/categories?post=60623"},{"taxonomy":"post_tag","embeddable":true,"href":"https:\/\/maricatotal.com.br\/site\/wp-json\/wp\/v2\/tags?post=60623"}],"curies":[{"name":"wp","href":"https:\/\/api.w.org\/{rel}","templated":true}]}}