{"id":60657,"date":"2024-01-30T15:22:28","date_gmt":"2024-01-30T18:22:28","guid":{"rendered":"https:\/\/maricatotal.com.br\/site\/?p=60657"},"modified":"2024-01-30T15:22:45","modified_gmt":"2024-01-30T18:22:45","slug":"ladrao-e-detido-e-agredido-por-moradores-apos-tentativa-de-furto-em-inoa","status":"publish","type":"post","link":"https:\/\/maricatotal.com.br\/site\/2024\/01\/30\/ladrao-e-detido-e-agredido-por-moradores-apos-tentativa-de-furto-em-inoa\/","title":{"rendered":"Ladr\u00e3o \u00e9 detido e agredido por moradores ap\u00f3s tentativa de furto em Ino\u00e3"},"content":{"rendered":"\n<p>Na manh\u00e3 desta ter\u00e7a-feira, 30, um homem foi preso em flagrante ap\u00f3s  tentar furtar uma resid\u00eancia em Ch\u00e1caras de Ino\u00e3, Maric\u00e1. O suspeito  invadiu a casa com a inten\u00e7\u00e3o de levar diversos utens\u00edlios, mas a a\u00e7\u00e3o  foi interrompida por vizinhos atentos.<\/p>\n\n\n\n<p>Ao perceberem a atividade criminosa, moradores locais conseguiram deter o  suspeito antes da chegada da pol\u00edcia. O homem foi submetido a um ato de  viol\u00eancia por parte dos populares, que alegam que o criminoso \u00e9  conhecido por realizar furtos na regi\u00e3o.<\/p>\n\n\n\n<p>A Pol\u00edcia Militar foi acionada e se dirigiu ao local, onde efetuou a  pris\u00e3o em flagrante do ladr\u00e3o. Em decorr\u00eancia das agress\u00f5es sofridas, o  suspeito precisou ser encaminhado ao Hospital Municipal Conde Modesto  Leal para receber atendimento m\u00e9dico devido aos ferimentos no corpo.<\/p>\n\n\n\n<p>Posteriormente, ap\u00f3s a avalia\u00e7\u00e3o m\u00e9dica, o homem detido foi conduzido \u00e0  Delegacia de Maric\u00e1 (82\u00aa DP), onde o caso foi oficialmente registrado e ele foi liberado. <\/p>\n\n\n\n<p>Vale ressaltar que,ano passado, o mesmo foi detido por moraodres no centro de Maric\u00e1 na Mumbuca tentando furtar casas.<\/p>\n","protected":false},"excerpt":{"rendered":"<p>Na manh\u00e3 desta ter\u00e7a-feira, 30, um homem foi preso em flagrante ap\u00f3s tentar furtar uma resid\u00eancia em Ch\u00e1caras de Ino\u00e3,<\/p>\n","protected":false},"author":1,"featured_media":60659,"comment_status":"open","ping_status":"open","sticky":false,"template":"","format":"standard","meta":{"colormag_page_container_layout":"default_layout","colormag_page_sidebar_layout":"default_layout","footnotes":""},"categories":[35,14,1],"tags":[],"class_list":["post-60657","post","type-post","status-publish","format-standard","has-post-thumbnail","hentry","category-top-stories","category-bairros","category-noticias"],"amp_enabled":true,"_links":{"self":[{"href":"https:\/\/maricatotal.com.br\/site\/wp-json\/wp\/v2\/posts\/60657","targetHints":{"allow":["GET"]}}],"collection":[{"href":"https:\/\/maricatotal.com.br\/site\/wp-json\/wp\/v2\/posts"}],"about":[{"href":"https:\/\/maricatotal.com.br\/site\/wp-json\/wp\/v2\/types\/post"}],"author":[{"embeddable":true,"href":"https:\/\/maricatotal.com.br\/site\/wp-json\/wp\/v2\/users\/1"}],"replies":[{"embeddable":true,"href":"https:\/\/maricatotal.com.br\/site\/wp-json\/wp\/v2\/comments?post=60657"}],"version-history":[{"count":2,"href":"https:\/\/maricatotal.com.br\/site\/wp-json\/wp\/v2\/posts\/60657\/revisions"}],"predecessor-version":[{"id":60662,"href":"https:\/\/maricatotal.com.br\/site\/wp-json\/wp\/v2\/posts\/60657\/revisions\/60662"}],"wp:featuredmedia":[{"embeddable":true,"href":"https:\/\/maricatotal.com.br\/site\/wp-json\/wp\/v2\/media\/60659"}],"wp:attachment":[{"href":"https:\/\/maricatotal.com.br\/site\/wp-json\/wp\/v2\/media?parent=60657"}],"wp:term":[{"taxonomy":"category","embeddable":true,"href":"https:\/\/maricatotal.com.br\/site\/wp-json\/wp\/v2\/categories?post=60657"},{"taxonomy":"post_tag","embeddable":true,"href":"https:\/\/maricatotal.com.br\/site\/wp-json\/wp\/v2\/tags?post=60657"}],"curies":[{"name":"wp","href":"https:\/\/api.w.org\/{rel}","templated":true}]}}