{"id":6071,"date":"2020-01-11T13:37:57","date_gmt":"2020-01-11T16:37:57","guid":{"rendered":"http:\/\/maricatotal.com.br\/site\/?p=6071"},"modified":"2020-01-11T13:37:59","modified_gmt":"2020-01-11T16:37:59","slug":"kontagio-pela-primeira-vez-na-fm-o-dia","status":"publish","type":"post","link":"https:\/\/maricatotal.com.br\/site\/2020\/01\/11\/kontagio-pela-primeira-vez-na-fm-o-dia\/","title":{"rendered":"KONTAGI\u00d4 PELA PRIMEIRA VEZ NA FM O DIA"},"content":{"rendered":"\n<figure class=\"wp-block-image size-large\"><img loading=\"lazy\" decoding=\"async\" width=\"900\" height=\"900\" src=\"http:\/\/maricatotal.com.br\/site\/wp-content\/uploads\/2020\/01\/97931885-76FF-4DCF-8DB5-ECEF337C57DF.jpeg\" alt=\"\" class=\"wp-image-6072\" srcset=\"https:\/\/maricatotal.com.br\/site\/wp-content\/uploads\/2020\/01\/97931885-76FF-4DCF-8DB5-ECEF337C57DF.jpeg 900w, https:\/\/maricatotal.com.br\/site\/wp-content\/uploads\/2020\/01\/97931885-76FF-4DCF-8DB5-ECEF337C57DF-300x300.jpeg 300w, https:\/\/maricatotal.com.br\/site\/wp-content\/uploads\/2020\/01\/97931885-76FF-4DCF-8DB5-ECEF337C57DF-150x150.jpeg 150w, https:\/\/maricatotal.com.br\/site\/wp-content\/uploads\/2020\/01\/97931885-76FF-4DCF-8DB5-ECEF337C57DF-768x768.jpeg 768w, https:\/\/maricatotal.com.br\/site\/wp-content\/uploads\/2020\/01\/97931885-76FF-4DCF-8DB5-ECEF337C57DF-400x400.jpeg 400w, https:\/\/maricatotal.com.br\/site\/wp-content\/uploads\/2020\/01\/97931885-76FF-4DCF-8DB5-ECEF337C57DF-500x500.jpeg 500w\" sizes=\"auto, (max-width: 900px) 100vw, 900px\" \/><\/figure>\n\n\n\n<p>O Grupo Kontagi\u00f4 se apresentar\u00e1 pela primeira vez na R\u00e1dio FM O Dia, na pr\u00f3xima segunda-feira (13), \u00e0s 22h.<\/p>\n\n\n\n<p>Os maricaenses que rodaram o munic\u00edpio e j\u00e1 s\u00e3o bem prestigiados, est\u00e3o come\u00e7ando 2020 com voos grandes.<\/p>\n\n\n\n<p>A Roda de Samba ser\u00e1 gravada e transmitida pelo aplicativo da R\u00e1dio. <\/p>\n\n\n\n<p>Os integrantes do Kontagi\u00f4 convidam todos os maricaenses para sintonizar e curtir esse grande show.<\/p>\n","protected":false},"excerpt":{"rendered":"<p>O Grupo Kontagi\u00f4 se apresentar\u00e1 pela primeira vez na R\u00e1dio FM O Dia, na pr\u00f3xima segunda-feira (13), \u00e0s 22h. Os<\/p>\n","protected":false},"author":1,"featured_media":0,"comment_status":"open","ping_status":"open","sticky":false,"template":"","format":"standard","meta":{"colormag_page_container_layout":"default_layout","colormag_page_sidebar_layout":"default_layout","footnotes":""},"categories":[18],"tags":[],"class_list":["post-6071","post","type-post","status-publish","format-standard","hentry","category-entretenimento"],"amp_enabled":true,"_links":{"self":[{"href":"https:\/\/maricatotal.com.br\/site\/wp-json\/wp\/v2\/posts\/6071","targetHints":{"allow":["GET"]}}],"collection":[{"href":"https:\/\/maricatotal.com.br\/site\/wp-json\/wp\/v2\/posts"}],"about":[{"href":"https:\/\/maricatotal.com.br\/site\/wp-json\/wp\/v2\/types\/post"}],"author":[{"embeddable":true,"href":"https:\/\/maricatotal.com.br\/site\/wp-json\/wp\/v2\/users\/1"}],"replies":[{"embeddable":true,"href":"https:\/\/maricatotal.com.br\/site\/wp-json\/wp\/v2\/comments?post=6071"}],"version-history":[{"count":0,"href":"https:\/\/maricatotal.com.br\/site\/wp-json\/wp\/v2\/posts\/6071\/revisions"}],"wp:attachment":[{"href":"https:\/\/maricatotal.com.br\/site\/wp-json\/wp\/v2\/media?parent=6071"}],"wp:term":[{"taxonomy":"category","embeddable":true,"href":"https:\/\/maricatotal.com.br\/site\/wp-json\/wp\/v2\/categories?post=6071"},{"taxonomy":"post_tag","embeddable":true,"href":"https:\/\/maricatotal.com.br\/site\/wp-json\/wp\/v2\/tags?post=6071"}],"curies":[{"name":"wp","href":"https:\/\/api.w.org\/{rel}","templated":true}]}}