{"id":6087,"date":"2020-01-12T20:33:03","date_gmt":"2020-01-12T23:33:03","guid":{"rendered":"http:\/\/maricatotal.com.br\/site\/?p=6087"},"modified":"2020-01-12T20:33:58","modified_gmt":"2020-01-12T23:33:58","slug":"depois-de-tres-anos-sem-entrar-no-mar-maricaense-comemora-projeto-to-na-orla","status":"publish","type":"post","link":"https:\/\/maricatotal.com.br\/site\/2020\/01\/12\/depois-de-tres-anos-sem-entrar-no-mar-maricaense-comemora-projeto-to-na-orla\/","title":{"rendered":"DEPOIS DE TR\u00caS ANOS SEM ENTRAR NO MAR, MARICAENSE COMEMORA PROJETO \u201cTO NA ORLA\u201d"},"content":{"rendered":"\n<figure class=\"wp-block-image size-large\"><img loading=\"lazy\" decoding=\"async\" width=\"960\" height=\"720\" src=\"http:\/\/maricatotal.com.br\/site\/wp-content\/uploads\/2020\/01\/8BE8B9EC-67B4-448F-AEC7-B76A52B32CAC.jpeg\" alt=\"\" class=\"wp-image-6088\" srcset=\"https:\/\/maricatotal.com.br\/site\/wp-content\/uploads\/2020\/01\/8BE8B9EC-67B4-448F-AEC7-B76A52B32CAC.jpeg 960w, https:\/\/maricatotal.com.br\/site\/wp-content\/uploads\/2020\/01\/8BE8B9EC-67B4-448F-AEC7-B76A52B32CAC-300x225.jpeg 300w, https:\/\/maricatotal.com.br\/site\/wp-content\/uploads\/2020\/01\/8BE8B9EC-67B4-448F-AEC7-B76A52B32CAC-768x576.jpeg 768w\" sizes=\"auto, (max-width: 960px) 100vw, 960px\" \/><\/figure>\n\n\n\n<p>Implementado no in\u00edcio da manh\u00e3 deste domingo (12), o projeto \u201cTo na Orla\u201d foi comemorado por muitos maricaenses presentes na Praia de Ponta Negra.<\/p>\n\n\n\n<p>Wav\u00e1 de Carvalho que estava \u00e0 3 anos sem entrar no mar, comemorou em uma rede social.<\/p>\n\n\n\n<p>\u201cLivre, leve e solto\u201d.<\/p>\n\n\n\n<p>O projeto tem o objetivo de beneficiar pessoas com defici\u00eancias (PCD\u2019S), e foi um grande feito da Prefeitura de Maric\u00e1.<\/p>\n\n\n\n<p>Quem estiver disposto a curtir um pouco do mar, o projeto inicia-se \u00e0s 9h e vai at\u00e9 \u00e1s 15h.<\/p>\n\n\n\n<p>A Defesa Civil de Maric\u00e1 frisa que o mar de Ponta Negra \u00e9 apropriado para esse projeto.<\/p>\n","protected":false},"excerpt":{"rendered":"<p>Implementado no in\u00edcio da manh\u00e3 deste domingo (12), o projeto \u201cTo na Orla\u201d foi comemorado por muitos maricaenses presentes na<\/p>\n","protected":false},"author":1,"featured_media":0,"comment_status":"open","ping_status":"open","sticky":false,"template":"","format":"standard","meta":{"colormag_page_container_layout":"default_layout","colormag_page_sidebar_layout":"default_layout","footnotes":""},"categories":[14,18],"tags":[],"class_list":["post-6087","post","type-post","status-publish","format-standard","hentry","category-bairros","category-entretenimento"],"amp_enabled":true,"_links":{"self":[{"href":"https:\/\/maricatotal.com.br\/site\/wp-json\/wp\/v2\/posts\/6087","targetHints":{"allow":["GET"]}}],"collection":[{"href":"https:\/\/maricatotal.com.br\/site\/wp-json\/wp\/v2\/posts"}],"about":[{"href":"https:\/\/maricatotal.com.br\/site\/wp-json\/wp\/v2\/types\/post"}],"author":[{"embeddable":true,"href":"https:\/\/maricatotal.com.br\/site\/wp-json\/wp\/v2\/users\/1"}],"replies":[{"embeddable":true,"href":"https:\/\/maricatotal.com.br\/site\/wp-json\/wp\/v2\/comments?post=6087"}],"version-history":[{"count":0,"href":"https:\/\/maricatotal.com.br\/site\/wp-json\/wp\/v2\/posts\/6087\/revisions"}],"wp:attachment":[{"href":"https:\/\/maricatotal.com.br\/site\/wp-json\/wp\/v2\/media?parent=6087"}],"wp:term":[{"taxonomy":"category","embeddable":true,"href":"https:\/\/maricatotal.com.br\/site\/wp-json\/wp\/v2\/categories?post=6087"},{"taxonomy":"post_tag","embeddable":true,"href":"https:\/\/maricatotal.com.br\/site\/wp-json\/wp\/v2\/tags?post=6087"}],"curies":[{"name":"wp","href":"https:\/\/api.w.org\/{rel}","templated":true}]}}