{"id":61295,"date":"2024-02-23T11:25:10","date_gmt":"2024-02-23T14:25:10","guid":{"rendered":"https:\/\/maricatotal.com.br\/site\/?p=61295"},"modified":"2024-02-23T12:54:48","modified_gmt":"2024-02-23T15:54:48","slug":"prefeitura-de-marica-renova-frota-de-seguranca-com-viaturas-novas","status":"publish","type":"post","link":"https:\/\/maricatotal.com.br\/site\/2024\/02\/23\/prefeitura-de-marica-renova-frota-de-seguranca-com-viaturas-novas\/","title":{"rendered":"Prefeitura de Maric\u00e1 renova frota de seguran\u00e7a com viaturas novas"},"content":{"rendered":"\n<p>A Prefeitura de Maric\u00e1 anunciou nesta sexta-feira, 23 de fevereiro, um  projeto de renova\u00e7\u00e3o completa da frota de seguran\u00e7a do munic\u00edpio. Sob  coordena\u00e7\u00e3o da Secretaria de Ordem P\u00fablica (SEOP), a a\u00e7\u00e3o prev\u00ea a  substitui\u00e7\u00e3o de todas as viaturas atualmente em uso.<\/p>\n\n\n\n<p>Nesta primeira etapa, ser\u00e3o trocadas 14 viaturas do Programa Estadual de  Integra\u00e7\u00e3o na Seguran\u00e7a (PROEIS) e uma viatura da Guarda Municipal. Os  novos ve\u00edculos foram adquiridos em S\u00e3o Paulo e chegar\u00e3o nos pr\u00f3ximos  dias a Maric\u00e1.<\/p>\n\n\n\n<p>O objetivo principal do projeto \u00e9 modernizar e melhorar a qualidade dos  servi\u00e7os de seguran\u00e7a p\u00fablica oferecidos \u00e0 popula\u00e7\u00e3o. Com viaturas  novas, os policiais militares e agentes da Guarda Municipal ter\u00e3o \u00e0  disposi\u00e7\u00e3o equipamentos mais eficientes e confi\u00e1veis para o desempenho  de suas fun\u00e7\u00f5es.<\/p>\n\n\n\n<p>A chegada das viaturas representa um passo significativo no compromisso  da administra\u00e7\u00e3o municipal com a seguran\u00e7a e o bem-estar dos cidad\u00e3os de  Maric\u00e1. A previs\u00e3o \u00e9 de que toda a frota de seguran\u00e7a seja renovada ao  longo de 2024, garantindo uma maior efic\u00e1cia nas a\u00e7\u00f5es de prote\u00e7\u00e3o e  preven\u00e7\u00e3o no munic\u00edpio.<\/p>\n","protected":false},"excerpt":{"rendered":"<p>A Prefeitura de Maric\u00e1 anunciou nesta sexta-feira, 23 de fevereiro, um projeto de renova\u00e7\u00e3o completa da frota de seguran\u00e7a do<\/p>\n","protected":false},"author":1,"featured_media":61296,"comment_status":"open","ping_status":"open","sticky":false,"template":"","format":"standard","meta":{"colormag_page_container_layout":"default_layout","colormag_page_sidebar_layout":"default_layout","footnotes":""},"categories":[35,14,1],"tags":[],"class_list":["post-61295","post","type-post","status-publish","format-standard","has-post-thumbnail","hentry","category-top-stories","category-bairros","category-noticias"],"amp_enabled":true,"_links":{"self":[{"href":"https:\/\/maricatotal.com.br\/site\/wp-json\/wp\/v2\/posts\/61295","targetHints":{"allow":["GET"]}}],"collection":[{"href":"https:\/\/maricatotal.com.br\/site\/wp-json\/wp\/v2\/posts"}],"about":[{"href":"https:\/\/maricatotal.com.br\/site\/wp-json\/wp\/v2\/types\/post"}],"author":[{"embeddable":true,"href":"https:\/\/maricatotal.com.br\/site\/wp-json\/wp\/v2\/users\/1"}],"replies":[{"embeddable":true,"href":"https:\/\/maricatotal.com.br\/site\/wp-json\/wp\/v2\/comments?post=61295"}],"version-history":[{"count":1,"href":"https:\/\/maricatotal.com.br\/site\/wp-json\/wp\/v2\/posts\/61295\/revisions"}],"predecessor-version":[{"id":61298,"href":"https:\/\/maricatotal.com.br\/site\/wp-json\/wp\/v2\/posts\/61295\/revisions\/61298"}],"wp:featuredmedia":[{"embeddable":true,"href":"https:\/\/maricatotal.com.br\/site\/wp-json\/wp\/v2\/media\/61296"}],"wp:attachment":[{"href":"https:\/\/maricatotal.com.br\/site\/wp-json\/wp\/v2\/media?parent=61295"}],"wp:term":[{"taxonomy":"category","embeddable":true,"href":"https:\/\/maricatotal.com.br\/site\/wp-json\/wp\/v2\/categories?post=61295"},{"taxonomy":"post_tag","embeddable":true,"href":"https:\/\/maricatotal.com.br\/site\/wp-json\/wp\/v2\/tags?post=61295"}],"curies":[{"name":"wp","href":"https:\/\/api.w.org\/{rel}","templated":true}]}}