{"id":61374,"date":"2024-02-26T14:14:15","date_gmt":"2024-02-26T17:14:15","guid":{"rendered":"https:\/\/maricatotal.com.br\/site\/?p=61374"},"modified":"2024-02-26T14:14:16","modified_gmt":"2024-02-26T17:14:16","slug":"escola-de-inoa-tem-aula-suspensa-apos-obito-de-aluno-por-dengue","status":"publish","type":"post","link":"https:\/\/maricatotal.com.br\/site\/2024\/02\/26\/escola-de-inoa-tem-aula-suspensa-apos-obito-de-aluno-por-dengue\/","title":{"rendered":"Escola de Ino\u00e3 tem aula suspensa ap\u00f3s \u00f3bito de aluno por dengue"},"content":{"rendered":"\n<p>No bairro de Ino\u00e3, a Escola Municipal Marisa Let\u00edcia Lula Da Silva  enfrenta um momento de luto e suspens\u00e3o das atividades nesta  segunda-feira, 26, ap\u00f3s o tr\u00e1gico falecimento de uma aluna v\u00edtima de  dengue.<\/p>\n\n\n\n<p>A dire\u00e7\u00e3o da escola expressou profundo pesar pela perda e, em respeito \u00e0  mem\u00f3ria da aluna e em solidariedade \u00e0 fam\u00edlia enlutada, decidiu  suspender as aulas do turno da manh\u00e3. O sepultamento da crian\u00e7a est\u00e1  programado para as 10 horas.<\/p>\n\n\n\n<p>A Secretaria de Sa\u00fade de Maric\u00e1 segue empenhada na conscientiza\u00e7\u00e3o da  popula\u00e7\u00e3o sobre a gravidade da epidemia de dengue no estado. No \u00faltimo  s\u00e1bado, 24, um extenso mutir\u00e3o foi realizado nos distritos de Itaipua\u00e7u e  Centro, visando combater a propaga\u00e7\u00e3o da doen\u00e7a.<\/p>\n\n\n\n<p>Segundo informa\u00e7\u00f5es, a crian\u00e7a, diagnosticada com dengue, estava em  tratamento hospitalar, por\u00e9m, lamentavelmente, n\u00e3o resistiu e veio a  \u00f3bito durante o \u00faltimo fim de semana.<\/p>\n\n\n\n<p>Diante deste triste acontecimento, a Prefeitura de Maric\u00e1 ressalta que o  caso est\u00e1 em an\u00e1lise, aguardando confirma\u00e7\u00e3o oficial sobre a causa do  \u00f3bito, sem confirmar, at\u00e9 o momento, a morte em decorr\u00eancia da dengue.<\/p>\n","protected":false},"excerpt":{"rendered":"<p>No bairro de Ino\u00e3, a Escola Municipal Marisa Let\u00edcia Lula Da Silva enfrenta um momento de luto e suspens\u00e3o das<\/p>\n","protected":false},"author":1,"featured_media":61376,"comment_status":"open","ping_status":"open","sticky":false,"template":"","format":"standard","meta":{"colormag_page_container_layout":"default_layout","colormag_page_sidebar_layout":"default_layout","footnotes":""},"categories":[1],"tags":[],"class_list":["post-61374","post","type-post","status-publish","format-standard","has-post-thumbnail","hentry","category-noticias"],"amp_enabled":true,"_links":{"self":[{"href":"https:\/\/maricatotal.com.br\/site\/wp-json\/wp\/v2\/posts\/61374","targetHints":{"allow":["GET"]}}],"collection":[{"href":"https:\/\/maricatotal.com.br\/site\/wp-json\/wp\/v2\/posts"}],"about":[{"href":"https:\/\/maricatotal.com.br\/site\/wp-json\/wp\/v2\/types\/post"}],"author":[{"embeddable":true,"href":"https:\/\/maricatotal.com.br\/site\/wp-json\/wp\/v2\/users\/1"}],"replies":[{"embeddable":true,"href":"https:\/\/maricatotal.com.br\/site\/wp-json\/wp\/v2\/comments?post=61374"}],"version-history":[{"count":1,"href":"https:\/\/maricatotal.com.br\/site\/wp-json\/wp\/v2\/posts\/61374\/revisions"}],"predecessor-version":[{"id":61378,"href":"https:\/\/maricatotal.com.br\/site\/wp-json\/wp\/v2\/posts\/61374\/revisions\/61378"}],"wp:featuredmedia":[{"embeddable":true,"href":"https:\/\/maricatotal.com.br\/site\/wp-json\/wp\/v2\/media\/61376"}],"wp:attachment":[{"href":"https:\/\/maricatotal.com.br\/site\/wp-json\/wp\/v2\/media?parent=61374"}],"wp:term":[{"taxonomy":"category","embeddable":true,"href":"https:\/\/maricatotal.com.br\/site\/wp-json\/wp\/v2\/categories?post=61374"},{"taxonomy":"post_tag","embeddable":true,"href":"https:\/\/maricatotal.com.br\/site\/wp-json\/wp\/v2\/tags?post=61374"}],"curies":[{"name":"wp","href":"https:\/\/api.w.org\/{rel}","templated":true}]}}