{"id":61444,"date":"2024-02-27T22:33:48","date_gmt":"2024-02-28T01:33:48","guid":{"rendered":"https:\/\/maricatotal.com.br\/site\/?p=61444"},"modified":"2024-02-27T22:33:50","modified_gmt":"2024-02-28T01:33:50","slug":"escola-do-centro-enfrenta-problemas-com-agua-e-pais-pedem-ajuda","status":"publish","type":"post","link":"https:\/\/maricatotal.com.br\/site\/2024\/02\/27\/escola-do-centro-enfrenta-problemas-com-agua-e-pais-pedem-ajuda\/","title":{"rendered":"Escola do Centro enfrenta problemas com \u00e1gua e pais pedem ajuda"},"content":{"rendered":"\n<p>A falta de \u00e1gua no Campus de Educa\u00e7\u00e3o P\u00fablica Transformadora Prof\u00aa Zilca  Lopes da Fontoura, localizado no Centro de Maric\u00e1, tem gerado  transtornos para centenas de alunos nesta semana.<\/p>\n\n\n\n<p>Segundo relatos dos pr\u00f3prios estudantes, a situa\u00e7\u00e3o se agravou na  segunda-feira, 26, quando a unidade escolar precisou liberar os alunos  mais cedo devido \u00e0 falta de abastecimento de \u00e1gua. No dia seguinte,  apesar da retomada das aulas, a situa\u00e7\u00e3o persistiu, com a escola ainda  sem \u00e1gua.<\/p>\n\n\n\n<p>Al\u00e9m da escassez de \u00e1gua, os estudantes denunciam as condi\u00e7\u00f5es prec\u00e1rias  dos banheiros, relatando que est\u00e3o totalmente sujos e sem condi\u00e7\u00f5es  adequadas para uso. A falta de \u00e1gua tamb\u00e9m afetou o funcionamento dos  bebedouros, deixando os alunos sem acesso \u00e0 \u00e1gua pot\u00e1vel.<\/p>\n\n\n\n<p>Os pais dos alunos est\u00e3o indignados com a situa\u00e7\u00e3o e expressaram  preocupa\u00e7\u00e3o com a sa\u00fade e o bem-estar de seus filhos. Uma m\u00e3e, que  preferiu n\u00e3o se identificar, lamentou a falta de higiene nos banheiros e  a aus\u00eancia de \u00e1gua nos bebedouros, questionando a continuidade das  aulas diante dessas condi\u00e7\u00f5es.<\/p>\n\n\n\n<p>Diante do cen\u00e1rio, muitos respons\u00e1veis est\u00e3o relutantes em enviar seus  filhos para a escola enquanto a situa\u00e7\u00e3o n\u00e3o for normalizada, temendo  pela sa\u00fade e seguran\u00e7a dos estudantes.<\/p>\n","protected":false},"excerpt":{"rendered":"<p>A falta de \u00e1gua no Campus de Educa\u00e7\u00e3o P\u00fablica Transformadora Prof\u00aa Zilca Lopes da Fontoura, localizado no Centro de Maric\u00e1,<\/p>\n","protected":false},"author":1,"featured_media":54393,"comment_status":"open","ping_status":"open","sticky":false,"template":"","format":"standard","meta":{"colormag_page_container_layout":"default_layout","colormag_page_sidebar_layout":"default_layout","footnotes":""},"categories":[35,14,17],"tags":[],"class_list":["post-61444","post","type-post","status-publish","format-standard","has-post-thumbnail","hentry","category-top-stories","category-bairros","category-politica"],"amp_enabled":true,"_links":{"self":[{"href":"https:\/\/maricatotal.com.br\/site\/wp-json\/wp\/v2\/posts\/61444","targetHints":{"allow":["GET"]}}],"collection":[{"href":"https:\/\/maricatotal.com.br\/site\/wp-json\/wp\/v2\/posts"}],"about":[{"href":"https:\/\/maricatotal.com.br\/site\/wp-json\/wp\/v2\/types\/post"}],"author":[{"embeddable":true,"href":"https:\/\/maricatotal.com.br\/site\/wp-json\/wp\/v2\/users\/1"}],"replies":[{"embeddable":true,"href":"https:\/\/maricatotal.com.br\/site\/wp-json\/wp\/v2\/comments?post=61444"}],"version-history":[{"count":1,"href":"https:\/\/maricatotal.com.br\/site\/wp-json\/wp\/v2\/posts\/61444\/revisions"}],"predecessor-version":[{"id":61446,"href":"https:\/\/maricatotal.com.br\/site\/wp-json\/wp\/v2\/posts\/61444\/revisions\/61446"}],"wp:featuredmedia":[{"embeddable":true,"href":"https:\/\/maricatotal.com.br\/site\/wp-json\/wp\/v2\/media\/54393"}],"wp:attachment":[{"href":"https:\/\/maricatotal.com.br\/site\/wp-json\/wp\/v2\/media?parent=61444"}],"wp:term":[{"taxonomy":"category","embeddable":true,"href":"https:\/\/maricatotal.com.br\/site\/wp-json\/wp\/v2\/categories?post=61444"},{"taxonomy":"post_tag","embeddable":true,"href":"https:\/\/maricatotal.com.br\/site\/wp-json\/wp\/v2\/tags?post=61444"}],"curies":[{"name":"wp","href":"https:\/\/api.w.org\/{rel}","templated":true}]}}