{"id":61492,"date":"2024-03-02T11:57:52","date_gmt":"2024-03-02T14:57:52","guid":{"rendered":"https:\/\/maricatotal.com.br\/site\/?p=61492"},"modified":"2024-03-02T11:58:05","modified_gmt":"2024-03-02T14:58:05","slug":"nova-crece-professora-maria-de-lurdes-sera-inaugurada-neste-sabado-no-centro-de-marica","status":"publish","type":"post","link":"https:\/\/maricatotal.com.br\/site\/2024\/03\/02\/nova-crece-professora-maria-de-lurdes-sera-inaugurada-neste-sabado-no-centro-de-marica\/","title":{"rendered":"Nova creche &#8220;Professora Maria de Lurdes&#8221; ser\u00e1 inaugurada neste s\u00e1bado no Centro de Maric\u00e1"},"content":{"rendered":"\n<p>A Prefeitura de Maric\u00e1 est\u00e1 prestes a inaugurar uma nova creche  municipal, o Jardim de Inf\u00e2ncia Municipal Professora Maria de Lourdes  Cruz Silva (conhecido como Tia Lurdinha), localizado no loteamento  Parque Eldorado, no Centro da cidade.<\/p>\n\n\n\n<p>A cerim\u00f4nia de inaugura\u00e7\u00e3o est\u00e1 agendada para ocorrer na manh\u00e3 deste  s\u00e1bado, 02 de fevereiro, \u00e0s 10h. A nova creche est\u00e1 situada na Rua  Prefeito Hil\u00e1rio Costa e Silva, pr\u00f3xima \u00e0 Arena do Centro, na quadra do  CEPT Zilca Lopes da Fontoura.<\/p>\n\n\n\n<p>O local que abrigar\u00e1 a creche foi anteriormente ocupado pelo Cnequinho,  uma unidade infantil do Cenecista. Ap\u00f3s passar um per\u00edodo funcionando  como Central de Imuniza\u00e7\u00e3o, o espa\u00e7o foi totalmente reformado para se  tornar uma creche em tempo integral.<\/p>\n\n\n\n<p>A nova creche municipal ter\u00e1 capacidade para atender at\u00e9 150 alunos dos  maternais I e II, contribuindo significativamente para suprir a demanda  por educa\u00e7\u00e3o infantil na regi\u00e3o central de Maric\u00e1. <\/p>\n","protected":false},"excerpt":{"rendered":"<p>A Prefeitura de Maric\u00e1 est\u00e1 prestes a inaugurar uma nova creche municipal, o Jardim de Inf\u00e2ncia Municipal Professora Maria de<\/p>\n","protected":false},"author":1,"featured_media":61494,"comment_status":"open","ping_status":"open","sticky":false,"template":"","format":"standard","meta":{"colormag_page_container_layout":"default_layout","colormag_page_sidebar_layout":"default_layout","footnotes":""},"categories":[35,14,17],"tags":[],"class_list":["post-61492","post","type-post","status-publish","format-standard","has-post-thumbnail","hentry","category-top-stories","category-bairros","category-politica"],"amp_enabled":true,"_links":{"self":[{"href":"https:\/\/maricatotal.com.br\/site\/wp-json\/wp\/v2\/posts\/61492","targetHints":{"allow":["GET"]}}],"collection":[{"href":"https:\/\/maricatotal.com.br\/site\/wp-json\/wp\/v2\/posts"}],"about":[{"href":"https:\/\/maricatotal.com.br\/site\/wp-json\/wp\/v2\/types\/post"}],"author":[{"embeddable":true,"href":"https:\/\/maricatotal.com.br\/site\/wp-json\/wp\/v2\/users\/1"}],"replies":[{"embeddable":true,"href":"https:\/\/maricatotal.com.br\/site\/wp-json\/wp\/v2\/comments?post=61492"}],"version-history":[{"count":2,"href":"https:\/\/maricatotal.com.br\/site\/wp-json\/wp\/v2\/posts\/61492\/revisions"}],"predecessor-version":[{"id":61497,"href":"https:\/\/maricatotal.com.br\/site\/wp-json\/wp\/v2\/posts\/61492\/revisions\/61497"}],"wp:featuredmedia":[{"embeddable":true,"href":"https:\/\/maricatotal.com.br\/site\/wp-json\/wp\/v2\/media\/61494"}],"wp:attachment":[{"href":"https:\/\/maricatotal.com.br\/site\/wp-json\/wp\/v2\/media?parent=61492"}],"wp:term":[{"taxonomy":"category","embeddable":true,"href":"https:\/\/maricatotal.com.br\/site\/wp-json\/wp\/v2\/categories?post=61492"},{"taxonomy":"post_tag","embeddable":true,"href":"https:\/\/maricatotal.com.br\/site\/wp-json\/wp\/v2\/tags?post=61492"}],"curies":[{"name":"wp","href":"https:\/\/api.w.org\/{rel}","templated":true}]}}