{"id":61512,"date":"2024-03-02T13:38:45","date_gmt":"2024-03-02T16:38:45","guid":{"rendered":"https:\/\/maricatotal.com.br\/site\/?p=61512"},"modified":"2024-03-02T13:38:46","modified_gmt":"2024-03-02T16:38:46","slug":"integrante-da-uniao-de-marica-brilha-e-concorre-a-premio-passista-samba-no-pe","status":"publish","type":"post","link":"https:\/\/maricatotal.com.br\/site\/2024\/03\/02\/integrante-da-uniao-de-marica-brilha-e-concorre-a-premio-passista-samba-no-pe\/","title":{"rendered":"Integrante da Uni\u00e3o de Maric\u00e1 brilha e concorre a Pr\u00eamio Passista Samba no P\u00e9"},"content":{"rendered":"\n<p>o\u00e3o Vitor Pimenta dos Santos Pereira, de 21 anos e membro da Escola de Samba Uni\u00e3o de Maric\u00e1, est\u00e1 se destacando na semifinal do Pr\u00eamio Passista Samba no P\u00e9 (PPSP), na categoria &#8216;Melhor Passista Popular RJ&#8217;. Este pr\u00eamio, promovido pelo Portal Passista no P\u00e9, visa reconhecer e valorizar as alas e seus integrantes, registrando os eventos e aspectos desse segmento t\u00e3o importante para o carnaval.<div id=\"__next\"><div class=\"relative z-0 flex h-full w-full overflow-hidden\"><div class=\"relative flex h-full max-w-full flex-1 flex-col overflow-hidden\"><main class=\"relative h-full w-full flex-1 overflow-auto transition-width\"><div role=\"presentation\" class=\"flex h-full flex-col\"><div class=\"flex-1 overflow-hidden\"><div class=\"react-scroll-to-bottom--css-akmzc-79elbk h-full\"><div class=\"react-scroll-to-bottom--css-akmzc-1n7m0yu\"><div class=\"flex flex-col text-sm pb-9\"><div class=\"w-full text-token-text-primary\" data-testid=\"conversation-turn-846\"><div class=\"px-4 py-2 justify-center text-base md:gap-6 m-auto\"><div class=\"flex flex-1 text-base mx-auto gap-3 md:px-5 lg:px-1 xl:px-5 md:max-w-3xl lg:max-w-[40rem] xl:max-w-[48rem] group final-completion\"><div class=\"relative flex w-full flex-col agent-turn\"><div class=\"flex-col gap-1 md:gap-3\"><div class=\"flex flex-grow flex-col max-w-full\"><div data-message-author-role=\"assistant\" data-message-id=\"5128cb1b-aea7-45b8-a275-ce81a69fa435\" class=\"min-h-[20px] text-message flex flex-col items-start gap-3 whitespace-pre-wrap break-words [.text-message+&amp;]:mt-5 overflow-x-auto\"><div class=\"markdown prose w-full break-words dark:prose-invert dark\"><p>A participa\u00e7\u00e3o de Jo\u00e3o Vitor na semifinal \u00e9 um motivo de orgulho para a escola e para a cidade de Maric\u00e1, que apoia ativamente a agremia\u00e7\u00e3o. A vota\u00e7\u00e3o para essa fase ocorre a partir desta sexta-feira (1\u00b0\/03) nos stories do Instagram, atrav\u00e9s do link: <a href=\"https:\/\/www.instagram.com\/stories\/passistasambanope\/3314175673197465625?utm_source=ig_story_item_share&amp;igsh=dXN0ZXE1ZjFucWp2\" target=\"_new\" rel=\"noopener\">https:\/\/www.instagram.com\/stories\/passistasambanope\/3314175673197465625?utm_source=ig_story_item_share&amp;igsh=dXN0ZXE1ZjFucWp2<\/a>.O Pr\u00eamio Passista Samba no P\u00e9 \u00e9 uma premia\u00e7\u00e3o extraoficial exclusiva para passistas e profissionais do carnaval carioca, em atividade desde 2016. Esta \u00e9 uma oportunidade \u00fanica de reconhecer o talento e a dedica\u00e7\u00e3o dos participantes deste segmento t\u00e3o fundamental para o sucesso dos desfiles de carnaval.<\/p><\/div><\/div><\/div><\/div><\/div><\/div><\/div><\/div><\/div><\/div><\/div><\/div><\/div><\/main><\/div><\/div><\/div><\/p>\n","protected":false},"excerpt":{"rendered":"<p>o\u00e3o Vitor Pimenta dos Santos Pereira, de 21 anos e membro da Escola de Samba Uni\u00e3o de Maric\u00e1, est\u00e1 se<\/p>\n","protected":false},"author":1,"featured_media":61515,"comment_status":"open","ping_status":"open","sticky":false,"template":"","format":"standard","meta":{"colormag_page_container_layout":"default_layout","colormag_page_sidebar_layout":"default_layout","footnotes":""},"categories":[35,14,18],"tags":[],"class_list":["post-61512","post","type-post","status-publish","format-standard","has-post-thumbnail","hentry","category-top-stories","category-bairros","category-entretenimento"],"amp_enabled":true,"_links":{"self":[{"href":"https:\/\/maricatotal.com.br\/site\/wp-json\/wp\/v2\/posts\/61512","targetHints":{"allow":["GET"]}}],"collection":[{"href":"https:\/\/maricatotal.com.br\/site\/wp-json\/wp\/v2\/posts"}],"about":[{"href":"https:\/\/maricatotal.com.br\/site\/wp-json\/wp\/v2\/types\/post"}],"author":[{"embeddable":true,"href":"https:\/\/maricatotal.com.br\/site\/wp-json\/wp\/v2\/users\/1"}],"replies":[{"embeddable":true,"href":"https:\/\/maricatotal.com.br\/site\/wp-json\/wp\/v2\/comments?post=61512"}],"version-history":[{"count":1,"href":"https:\/\/maricatotal.com.br\/site\/wp-json\/wp\/v2\/posts\/61512\/revisions"}],"predecessor-version":[{"id":61516,"href":"https:\/\/maricatotal.com.br\/site\/wp-json\/wp\/v2\/posts\/61512\/revisions\/61516"}],"wp:featuredmedia":[{"embeddable":true,"href":"https:\/\/maricatotal.com.br\/site\/wp-json\/wp\/v2\/media\/61515"}],"wp:attachment":[{"href":"https:\/\/maricatotal.com.br\/site\/wp-json\/wp\/v2\/media?parent=61512"}],"wp:term":[{"taxonomy":"category","embeddable":true,"href":"https:\/\/maricatotal.com.br\/site\/wp-json\/wp\/v2\/categories?post=61512"},{"taxonomy":"post_tag","embeddable":true,"href":"https:\/\/maricatotal.com.br\/site\/wp-json\/wp\/v2\/tags?post=61512"}],"curies":[{"name":"wp","href":"https:\/\/api.w.org\/{rel}","templated":true}]}}