{"id":61649,"date":"2024-03-08T15:08:17","date_gmt":"2024-03-08T18:08:17","guid":{"rendered":"https:\/\/maricatotal.com.br\/site\/?p=61649"},"modified":"2024-03-11T10:10:35","modified_gmt":"2024-03-11T13:10:35","slug":"foragido-por-agredir-e-torturar-companheira-e-preso-no-dia-da-mulher","status":"publish","type":"post","link":"https:\/\/maricatotal.com.br\/site\/2024\/03\/08\/foragido-por-agredir-e-torturar-companheira-e-preso-no-dia-da-mulher\/","title":{"rendered":"Foragido por agredir e torturar companheira \u00e9 preso no Dia da Mulher"},"content":{"rendered":"\n<p>Fonte: LSM<\/p>\n\n\n\n<p><main _ngcontent-ng-c3853546891=\"\" class=\"chat-app ng-tns-c3853546891-0\"><div _ngcontent-ng-c1956247310=\"\" class=\"content-wrapper\"><div _ngcontent-ng-c3853546891=\"\" class=\"main-content hidden-sidenav ng-trigger ng-trigger-routeChangeAnimation ng-star-inserted\"><div _ngcontent-ng-c3853546891=\"\" class=\"content-container ng-tns-c3853546891-0\"><div _ngcontent-ng-c1933716756=\"\" class=\"chat-container ng-tns-c1933716756-8 at-least-desktop-small ui-v2-enabled ng-star-inserted\"><div _ngcontent-ng-c1933716756=\"\" id=\"chat-history\" class=\"chat-history-scroll-container ng-tns-c1933716756-8\"><div _ngcontent-ng-c1933716756=\"\" class=\"conversation-container ng-tns-c1933716756-8 ng-star-inserted\"><div _ngcontent-ng-c2729961909=\"\"><div _ngcontent-ng-c957875063=\"\" class=\"response-container ng-tns-c957875063-44 ui-v2-enabled ng-star-inserted response-container-has-multiple-responses\"><div _ngcontent-ng-c957875063=\"\" class=\"presented-response-container ng-tns-c957875063-44\"><div _ngcontent-ng-c957875063=\"\" class=\"response-container-content ng-tns-c957875063-44\"><div _ngcontent-ng-c2729961909=\"\" class=\"response-content ng-tns-c957875063-44 ng-animate-disabled\"><div _ngcontent-ng-c1744170540=\"\" class=\"markdown markdown-main-panel ui-v2-enabled\" dir=\"ltr\"><p data-sourcepos=\"3:1-3:241\">Na manh\u00e3 desta sexta-feira (08), Dia Internacional da Mulher, a Pol\u00edcia Civil do Rio de Janeiro prendeu um foragido acusado de tortura e viol\u00eancia dom\u00e9stica contra sua companheira no conjunto habitacional Minha Casa Minha Vida, em Itaipua\u00e7u.<strong>Captura na Opera\u00e7\u00e3o \u00c1tria:<\/strong>A pris\u00e3o de Ronald Alc\u00e2ntara foi realizada pela Delegacia do Fonseca (78\u00aa DP) como parte da &#8220;Opera\u00e7\u00e3o \u00c1tria&#8221;, coordenada pelo Minist\u00e9rio da Justi\u00e7a e Seguran\u00e7a P\u00fablica. O trabalho de intelig\u00eancia da unidade policial identificou o endere\u00e7o do acusado dentro do pr\u00f3prio condom\u00ednio.<strong>Pris\u00e3o sem resist\u00eancia:<\/strong>Uma equipe da 78\u00aa DP se deslocou at\u00e9 o local e cumpriu o mandado de pris\u00e3o sem que o agressor oferecesse resist\u00eancia.<strong>Encaminhamento e pr\u00f3ximos passos:<\/strong>Ronald foi encaminhado para a 76\u00aa DP em Niter\u00f3i e, posteriormente, ser\u00e1 levado ao sistema prisional, onde ficar\u00e1 \u00e0 disposi\u00e7\u00e3o da justi\u00e7a. Ele responde pelos crimes de tortura, les\u00e3o corporal e viol\u00eancia dom\u00e9stica.<strong>Opera\u00e7\u00e3o em prol da mulher:<\/strong>A Opera\u00e7\u00e3o \u00c1tria mobilizou agentes de 14 Delegacias de Atendimento \u00e0 Mulher (Deam) e de outras unidades da Pol\u00edcia Civil do Rio de Janeiro, em conjunto com a Pol\u00edcia Militar, com o objetivo de cumprir mandados de pris\u00e3o contra agressores de mulheres.<strong>Dia simb\u00f3lico para a justi\u00e7a:<\/strong>A pris\u00e3o de Ronald Alc\u00e2ntara no Dia Internacional da Mulher simboliza o compromisso das autoridades com a prote\u00e7\u00e3o das mulheres e a puni\u00e7\u00e3o dos crimes de viol\u00eancia dom\u00e9stica. A a\u00e7\u00e3o conjunta das Pol\u00edcias Civil e Militar demonstra a import\u00e2ncia da uni\u00e3o de esfor\u00e7os para combater esse tipo de crime e garantir a seguran\u00e7a das mulheres.<\/p><\/div><\/div><\/div><\/div><\/div><\/div><\/div><\/div><\/div><\/div><\/div><\/div><\/main><\/p>\n","protected":false},"excerpt":{"rendered":"<p>Fonte: LSM Na manh\u00e3 desta sexta-feira (08), Dia Internacional da Mulher, a Pol\u00edcia Civil do Rio de Janeiro prendeu um<\/p>\n","protected":false},"author":1,"featured_media":61651,"comment_status":"open","ping_status":"open","sticky":false,"template":"","format":"standard","meta":{"colormag_page_container_layout":"default_layout","colormag_page_sidebar_layout":"default_layout","footnotes":""},"categories":[35,14,1],"tags":[],"class_list":["post-61649","post","type-post","status-publish","format-standard","has-post-thumbnail","hentry","category-top-stories","category-bairros","category-noticias"],"amp_enabled":true,"_links":{"self":[{"href":"https:\/\/maricatotal.com.br\/site\/wp-json\/wp\/v2\/posts\/61649","targetHints":{"allow":["GET"]}}],"collection":[{"href":"https:\/\/maricatotal.com.br\/site\/wp-json\/wp\/v2\/posts"}],"about":[{"href":"https:\/\/maricatotal.com.br\/site\/wp-json\/wp\/v2\/types\/post"}],"author":[{"embeddable":true,"href":"https:\/\/maricatotal.com.br\/site\/wp-json\/wp\/v2\/users\/1"}],"replies":[{"embeddable":true,"href":"https:\/\/maricatotal.com.br\/site\/wp-json\/wp\/v2\/comments?post=61649"}],"version-history":[{"count":1,"href":"https:\/\/maricatotal.com.br\/site\/wp-json\/wp\/v2\/posts\/61649\/revisions"}],"predecessor-version":[{"id":61652,"href":"https:\/\/maricatotal.com.br\/site\/wp-json\/wp\/v2\/posts\/61649\/revisions\/61652"}],"wp:featuredmedia":[{"embeddable":true,"href":"https:\/\/maricatotal.com.br\/site\/wp-json\/wp\/v2\/media\/61651"}],"wp:attachment":[{"href":"https:\/\/maricatotal.com.br\/site\/wp-json\/wp\/v2\/media?parent=61649"}],"wp:term":[{"taxonomy":"category","embeddable":true,"href":"https:\/\/maricatotal.com.br\/site\/wp-json\/wp\/v2\/categories?post=61649"},{"taxonomy":"post_tag","embeddable":true,"href":"https:\/\/maricatotal.com.br\/site\/wp-json\/wp\/v2\/tags?post=61649"}],"curies":[{"name":"wp","href":"https:\/\/api.w.org\/{rel}","templated":true}]}}