{"id":61673,"date":"2024-03-09T13:32:32","date_gmt":"2024-03-09T16:32:32","guid":{"rendered":"https:\/\/maricatotal.com.br\/site\/?p=61673"},"modified":"2024-03-11T10:14:14","modified_gmt":"2024-03-11T13:14:14","slug":"prefeitura-de-marica-abre-1-300-vagas-na-area-da-educacao","status":"publish","type":"post","link":"https:\/\/maricatotal.com.br\/site\/2024\/03\/09\/prefeitura-de-marica-abre-1-300-vagas-na-area-da-educacao\/","title":{"rendered":"Prefeitura de Maric\u00e1 abre 1.300 vagas na \u00e1rea da Educa\u00e7\u00e3o"},"content":{"rendered":"\n<p>A Prefeitura de Maric\u00e1 abrir\u00e1 na pr\u00f3xima segunda-feira, dia 11 de mar\u00e7o, um processo seletivo simplificado com 1.300 vagas para diversos cargos.<main _ngcontent-ng-c3853546891=\"\" class=\"chat-app ng-tns-c3853546891-0\"><div _ngcontent-ng-c1956247310=\"\" class=\"content-wrapper\"><div _ngcontent-ng-c3853546891=\"\" class=\"main-content hidden-sidenav ng-trigger ng-trigger-routeChangeAnimation ng-star-inserted\"><div _ngcontent-ng-c3853546891=\"\" class=\"content-container ng-tns-c3853546891-0\"><div _ngcontent-ng-c1933716756=\"\" class=\"chat-container ng-tns-c1933716756-1 at-least-desktop-small ui-v2-enabled ng-star-inserted\"><div _ngcontent-ng-c1933716756=\"\" id=\"chat-history\" class=\"chat-history-scroll-container ng-tns-c1933716756-1\"><div _ngcontent-ng-c1933716756=\"\" class=\"conversation-container ng-tns-c1933716756-1 ng-star-inserted\"><div _ngcontent-ng-c2729961909=\"\"><div _ngcontent-ng-c957875063=\"\" class=\"response-container ng-tns-c957875063-38 ui-v2-enabled ng-star-inserted response-container-has-multiple-responses\"><div _ngcontent-ng-c957875063=\"\" class=\"presented-response-container ng-tns-c957875063-38\"><div _ngcontent-ng-c957875063=\"\" class=\"response-container-content ng-tns-c957875063-38\"><div _ngcontent-ng-c2729961909=\"\" class=\"response-content ng-tns-c957875063-38 ng-animate-disabled\"><div _ngcontent-ng-c1744170540=\"\" class=\"markdown markdown-main-panel ui-v2-enabled\" dir=\"ltr\"><p data-sourcepos=\"3:1-3:214\"><\/p><p data-sourcepos=\"5:1-5:88\"><strong>As inscri\u00e7\u00f5es podem ser feitas at\u00e9 o dia 15 de mar\u00e7o pelo site edu.marica.rj.gov.br.Oportunidades para todos:<\/strong><\/p><ul data-sourcepos=\"9:1-11:0\"><li data-sourcepos=\"9:1-9:62\">Vagas para quem tem Ensino M\u00e9dio e Ensino Superior completo;Diversos cargos, como Facilitador de  Inclus\u00e3o, Agente de Desenvolvimento Infantil, Coordenador de Turno,  Agente de Apoio Escolar, Estoquista, Enfermeiro, Psic\u00f3logo, Assistente  Social, Terapeuta Ocupacional, Psicopedagogo, Nutricionista,  Fonoaudi\u00f3logo, Bibliotec\u00e1rio, Engenheiro Civil, Engenheiro Eletricista,  Engenheiro de Produ\u00e7\u00e3o, Top\u00f3grafo, entre outros.<\/li><\/ul><p data-sourcepos=\"12:1-12:110\"><strong>N\u00e3o perca tempo! Fa\u00e7a sua inscri\u00e7\u00e3o e garanta sua chance de ingressar na rede p\u00fablica de ensino de Maric\u00e1.Informa\u00e7\u00f5es importantes:<\/strong><\/p><ul data-sourcepos=\"16:1-21:0\"><li data-sourcepos=\"16:1-16:59\"><strong>Data de abertura das inscri\u00e7\u00f5es:<\/strong> 11 de mar\u00e7o de 2024;<strong>Data limite para inscri\u00e7\u00e3o:<\/strong> 15 de mar\u00e7o de 2024;<strong>Site para inscri\u00e7\u00e3o:<\/strong> edu.marica.rj.gov.br;<strong>Cargos dispon\u00edveis:<\/strong> Ensino M\u00e9dio e Ensino Superior completo;<strong>Sal\u00e1rios e requisitos:<\/strong> consultar o site da Prefeitura.<\/li><\/ul><p data-sourcepos=\"22:1-22:128\"><strong>Ajude a compartilhar essa informa\u00e7\u00e3o com seus amigos e familiares que estejam buscando uma oportunidade na \u00e1rea da Educa\u00e7\u00e3o!<\/strong><\/p><\/div><\/div><\/div><\/div><\/div><\/div><\/div><\/div><\/div><\/div><\/div><\/div><\/main><\/p>\n","protected":false},"excerpt":{"rendered":"<p>A Prefeitura de Maric\u00e1 abrir\u00e1 na pr\u00f3xima segunda-feira, dia 11 de mar\u00e7o, um processo seletivo simplificado com 1.300 vagas para<\/p>\n","protected":false},"author":1,"featured_media":54074,"comment_status":"open","ping_status":"open","sticky":false,"template":"","format":"standard","meta":{"colormag_page_container_layout":"default_layout","colormag_page_sidebar_layout":"default_layout","footnotes":""},"categories":[35,14,17],"tags":[],"class_list":["post-61673","post","type-post","status-publish","format-standard","has-post-thumbnail","hentry","category-top-stories","category-bairros","category-politica"],"amp_enabled":true,"_links":{"self":[{"href":"https:\/\/maricatotal.com.br\/site\/wp-json\/wp\/v2\/posts\/61673","targetHints":{"allow":["GET"]}}],"collection":[{"href":"https:\/\/maricatotal.com.br\/site\/wp-json\/wp\/v2\/posts"}],"about":[{"href":"https:\/\/maricatotal.com.br\/site\/wp-json\/wp\/v2\/types\/post"}],"author":[{"embeddable":true,"href":"https:\/\/maricatotal.com.br\/site\/wp-json\/wp\/v2\/users\/1"}],"replies":[{"embeddable":true,"href":"https:\/\/maricatotal.com.br\/site\/wp-json\/wp\/v2\/comments?post=61673"}],"version-history":[{"count":1,"href":"https:\/\/maricatotal.com.br\/site\/wp-json\/wp\/v2\/posts\/61673\/revisions"}],"predecessor-version":[{"id":61675,"href":"https:\/\/maricatotal.com.br\/site\/wp-json\/wp\/v2\/posts\/61673\/revisions\/61675"}],"wp:featuredmedia":[{"embeddable":true,"href":"https:\/\/maricatotal.com.br\/site\/wp-json\/wp\/v2\/media\/54074"}],"wp:attachment":[{"href":"https:\/\/maricatotal.com.br\/site\/wp-json\/wp\/v2\/media?parent=61673"}],"wp:term":[{"taxonomy":"category","embeddable":true,"href":"https:\/\/maricatotal.com.br\/site\/wp-json\/wp\/v2\/categories?post=61673"},{"taxonomy":"post_tag","embeddable":true,"href":"https:\/\/maricatotal.com.br\/site\/wp-json\/wp\/v2\/tags?post=61673"}],"curies":[{"name":"wp","href":"https:\/\/api.w.org\/{rel}","templated":true}]}}