{"id":61700,"date":"2024-03-10T01:43:39","date_gmt":"2024-03-10T04:43:39","guid":{"rendered":"https:\/\/maricatotal.com.br\/site\/?p=61700"},"modified":"2024-03-11T10:14:19","modified_gmt":"2024-03-11T13:14:19","slug":"carro-com-placa-clonada-e-apreendido-pela-pm-em-inoa","status":"publish","type":"post","link":"https:\/\/maricatotal.com.br\/site\/2024\/03\/10\/carro-com-placa-clonada-e-apreendido-pela-pm-em-inoa\/","title":{"rendered":"Carro com placa clonada \u00e9 apreendido pela PM em Ino\u00e3"},"content":{"rendered":"\n<p><main _ngcontent-ng-c3853546891=\"\" class=\"chat-app ng-tns-c3853546891-0\"><div _ngcontent-ng-c1956247310=\"\" class=\"content-wrapper\"><div _ngcontent-ng-c3853546891=\"\" class=\"main-content hidden-sidenav ng-trigger ng-trigger-routeChangeAnimation ng-star-inserted\"><div _ngcontent-ng-c3853546891=\"\" class=\"content-container ng-tns-c3853546891-0\"><div _ngcontent-ng-c1933716756=\"\" class=\"chat-container ng-tns-c1933716756-1 at-least-desktop-small ui-v2-enabled ng-star-inserted\"><div _ngcontent-ng-c1933716756=\"\" id=\"chat-history\" class=\"chat-history-scroll-container ng-tns-c1933716756-1\"><div _ngcontent-ng-c1933716756=\"\" class=\"conversation-container ng-tns-c1933716756-1 ng-star-inserted\"><div _ngcontent-ng-c2729961909=\"\"><div _ngcontent-ng-c957875063=\"\" class=\"response-container ng-tns-c957875063-40 ui-v2-enabled ng-star-inserted response-container-has-multiple-responses\"><div _ngcontent-ng-c957875063=\"\" class=\"presented-response-container ng-tns-c957875063-40\"><div _ngcontent-ng-c957875063=\"\" class=\"response-container-content ng-tns-c957875063-40\"><div _ngcontent-ng-c2729961909=\"\" class=\"response-content ng-tns-c957875063-40 ng-animate-disabled\"><div _ngcontent-ng-c1744170540=\"\" class=\"markdown markdown-main-panel ui-v2-enabled\" dir=\"ltr\"><p data-sourcepos=\"3:1-3:106\">Um carro supostamente clonado foi apreendido pela Pol\u00edcia Militar na tarde de s\u00e1bado (09) em Ino\u00e3, Maric\u00e1.A equipe do DPO de Itaipua\u00e7u, em patrulhamento pela regi\u00e3o, foi acionada pelo CIOSP para verificar um ve\u00edculo com placa duplicada. O carro, um Volkswagen Polo, estava com a mesma placa de um ve\u00edculo de Vit\u00f3ria, Esp\u00edrito Santo.Os policiais montaram um cerco e localizaram o carro. O ve\u00edculo foi apreendido e levado para a 82\u00aa DP de Maric\u00e1 para per\u00edcia. O motorista tamb\u00e9m foi detido e levado \u00e0 delegacia.<\/p><\/div><\/div><\/div><\/div><\/div><\/div><\/div><\/div><\/div><\/div><\/div><\/div><\/main><\/p>\n\n\n\n<p><main _ngcontent-ng-c3853546891=\"\" class=\"chat-app ng-tns-c3853546891-0\"><div _ngcontent-ng-c1956247310=\"\" class=\"content-wrapper\"><div _ngcontent-ng-c3853546891=\"\" class=\"main-content hidden-sidenav ng-trigger ng-trigger-routeChangeAnimation ng-star-inserted\"><div _ngcontent-ng-c3853546891=\"\" class=\"content-container ng-tns-c3853546891-0\"><div _ngcontent-ng-c1933716756=\"\" class=\"chat-container ng-tns-c1933716756-1 at-least-desktop-small ui-v2-enabled ng-star-inserted\"><div _ngcontent-ng-c1933716756=\"\" id=\"chat-history\" class=\"chat-history-scroll-container ng-tns-c1933716756-1\"><div _ngcontent-ng-c1933716756=\"\" class=\"conversation-container ng-tns-c1933716756-1 ng-star-inserted\"><div _ngcontent-ng-c2729961909=\"\"><div _ngcontent-ng-c957875063=\"\" class=\"response-container ng-tns-c957875063-40 ui-v2-enabled ng-star-inserted response-container-has-multiple-responses\"><div _ngcontent-ng-c957875063=\"\" class=\"presented-response-container ng-tns-c957875063-40\"><div _ngcontent-ng-c957875063=\"\" class=\"response-container-content ng-tns-c957875063-40\"><div _ngcontent-ng-c2729961909=\"\" class=\"response-content ng-tns-c957875063-40 ng-animate-disabled\"><div _ngcontent-ng-c1744170540=\"\" class=\"markdown markdown-main-panel ui-v2-enabled\" dir=\"ltr\"><p data-sourcepos=\"9:1-9:28\"><strong>Informa\u00e7\u00f5es importantes:<\/strong><\/p><ul data-sourcepos=\"11:1-14:52\"><li data-sourcepos=\"11:1-11:52\">Carro supostamente clonado foi apreendido em Ino\u00e3.Placa do ve\u00edculo era duplicada de um carro de Vit\u00f3ria, ES.PM montou cerco e localizou o carro.Ve\u00edculo foi para per\u00edcia e o motorista foi detido.<\/li><\/ul><\/div><\/div><\/div><\/div><\/div><\/div><\/div><\/div><\/div><\/div><\/div><\/div><\/main><\/p>\n","protected":false},"excerpt":{"rendered":"<p>Um carro supostamente clonado foi apreendido pela Pol\u00edcia Militar na tarde de s\u00e1bado (09) em Ino\u00e3, Maric\u00e1.A equipe do DPO<\/p>\n","protected":false},"author":1,"featured_media":61702,"comment_status":"open","ping_status":"open","sticky":false,"template":"","format":"standard","meta":{"colormag_page_container_layout":"default_layout","colormag_page_sidebar_layout":"default_layout","footnotes":""},"categories":[35,14,1],"tags":[],"class_list":["post-61700","post","type-post","status-publish","format-standard","has-post-thumbnail","hentry","category-top-stories","category-bairros","category-noticias"],"amp_enabled":true,"_links":{"self":[{"href":"https:\/\/maricatotal.com.br\/site\/wp-json\/wp\/v2\/posts\/61700","targetHints":{"allow":["GET"]}}],"collection":[{"href":"https:\/\/maricatotal.com.br\/site\/wp-json\/wp\/v2\/posts"}],"about":[{"href":"https:\/\/maricatotal.com.br\/site\/wp-json\/wp\/v2\/types\/post"}],"author":[{"embeddable":true,"href":"https:\/\/maricatotal.com.br\/site\/wp-json\/wp\/v2\/users\/1"}],"replies":[{"embeddable":true,"href":"https:\/\/maricatotal.com.br\/site\/wp-json\/wp\/v2\/comments?post=61700"}],"version-history":[{"count":1,"href":"https:\/\/maricatotal.com.br\/site\/wp-json\/wp\/v2\/posts\/61700\/revisions"}],"predecessor-version":[{"id":61703,"href":"https:\/\/maricatotal.com.br\/site\/wp-json\/wp\/v2\/posts\/61700\/revisions\/61703"}],"wp:featuredmedia":[{"embeddable":true,"href":"https:\/\/maricatotal.com.br\/site\/wp-json\/wp\/v2\/media\/61702"}],"wp:attachment":[{"href":"https:\/\/maricatotal.com.br\/site\/wp-json\/wp\/v2\/media?parent=61700"}],"wp:term":[{"taxonomy":"category","embeddable":true,"href":"https:\/\/maricatotal.com.br\/site\/wp-json\/wp\/v2\/categories?post=61700"},{"taxonomy":"post_tag","embeddable":true,"href":"https:\/\/maricatotal.com.br\/site\/wp-json\/wp\/v2\/tags?post=61700"}],"curies":[{"name":"wp","href":"https:\/\/api.w.org\/{rel}","templated":true}]}}