{"id":61705,"date":"2024-03-10T02:20:40","date_gmt":"2024-03-10T05:20:40","guid":{"rendered":"https:\/\/maricatotal.com.br\/site\/?p=61705"},"modified":"2024-03-11T10:14:22","modified_gmt":"2024-03-11T13:14:22","slug":"moradores-de-chacaras-de-inoa-protestam-contra-falta-de-luz","status":"publish","type":"post","link":"https:\/\/maricatotal.com.br\/site\/2024\/03\/10\/moradores-de-chacaras-de-inoa-protestam-contra-falta-de-luz\/","title":{"rendered":"Moradores de Ch\u00e1caras de Ino\u00e3 protestam contra falta de luz"},"content":{"rendered":"\n<p><main _ngcontent-ng-c3853546891=\"\" class=\"chat-app ng-tns-c3853546891-0\"><div _ngcontent-ng-c1956247310=\"\" class=\"content-wrapper\"><div _ngcontent-ng-c3853546891=\"\" class=\"main-content hidden-sidenav ng-trigger ng-trigger-routeChangeAnimation ng-star-inserted\"><div _ngcontent-ng-c3853546891=\"\" class=\"content-container ng-tns-c3853546891-0\"><div _ngcontent-ng-c1933716756=\"\" class=\"chat-container ng-tns-c1933716756-1 at-least-desktop-small ui-v2-enabled ng-star-inserted\"><div _ngcontent-ng-c1933716756=\"\" id=\"chat-history\" class=\"chat-history-scroll-container ng-tns-c1933716756-1\"><div _ngcontent-ng-c1933716756=\"\" class=\"conversation-container ng-tns-c1933716756-1 ng-star-inserted\"><div _ngcontent-ng-c2729961909=\"\"><div _ngcontent-ng-c957875063=\"\" class=\"response-container ng-tns-c957875063-52 ui-v2-enabled ng-star-inserted response-container-has-multiple-responses\"><div _ngcontent-ng-c957875063=\"\" class=\"presented-response-container ng-tns-c957875063-52\"><div _ngcontent-ng-c957875063=\"\" class=\"response-container-content ng-tns-c957875063-52\"><div _ngcontent-ng-c2729961909=\"\" class=\"response-content ng-tns-c957875063-52 ng-animate-disabled\"><div _ngcontent-ng-c1744170540=\"\" class=\"markdown markdown-main-panel ui-v2-enabled\" dir=\"ltr\"><p data-sourcepos=\"3:1-3:228\">Moradores do loteamento Ch\u00e1caras de Ino\u00e3, em Maric\u00e1, protestaram na tarde de s\u00e1bado (09) contra a falta de luz na regi\u00e3o. A manifesta\u00e7\u00e3o aconteceu na Estrada de Itaipua\u00e7u, onde pneus foram queimados e o tr\u00e2nsito foi interditado.A falta de energia come\u00e7ou na sexta-feira (08) e, at\u00e9 o momento da reportagem, j\u00e1 durava quase 24 horas. A Enel ainda n\u00e3o havia realizado a manuten\u00e7\u00e3o necess\u00e1ria no local.Os manifestantes exigem que a empresa forne\u00e7a energia el\u00e9trica o mais r\u00e1pido poss\u00edvel. A Enel ainda n\u00e3o se pronunciou sobre o caso.<strong>Pontos importantes:<\/strong><\/p><ul data-sourcepos=\"11:1-15:31\"><li data-sourcepos=\"11:1-11:51\">Protesto contra falta de luz em Ch\u00e1caras de Ino\u00e3.Falta de energia come\u00e7ou na sexta-feira (08) e j\u00e1 durava 24 horas.Enel ainda n\u00e3o havia realizado a manuten\u00e7\u00e3o.Moradores exigem retorno da energia el\u00e9trica.Enel ainda n\u00e3o se pronunciou.<\/li><\/ul><\/div><\/div><\/div><\/div><\/div><\/div><\/div><\/div><\/div><\/div><\/div><\/div><\/main><\/p>\n","protected":false},"excerpt":{"rendered":"<p>Moradores do loteamento Ch\u00e1caras de Ino\u00e3, em Maric\u00e1, protestaram na tarde de s\u00e1bado (09) contra a falta de luz na<\/p>\n","protected":false},"author":1,"featured_media":61706,"comment_status":"open","ping_status":"open","sticky":false,"template":"","format":"standard","meta":{"colormag_page_container_layout":"default_layout","colormag_page_sidebar_layout":"default_layout","footnotes":""},"categories":[35,14,1],"tags":[],"class_list":["post-61705","post","type-post","status-publish","format-standard","has-post-thumbnail","hentry","category-top-stories","category-bairros","category-noticias"],"amp_enabled":true,"_links":{"self":[{"href":"https:\/\/maricatotal.com.br\/site\/wp-json\/wp\/v2\/posts\/61705","targetHints":{"allow":["GET"]}}],"collection":[{"href":"https:\/\/maricatotal.com.br\/site\/wp-json\/wp\/v2\/posts"}],"about":[{"href":"https:\/\/maricatotal.com.br\/site\/wp-json\/wp\/v2\/types\/post"}],"author":[{"embeddable":true,"href":"https:\/\/maricatotal.com.br\/site\/wp-json\/wp\/v2\/users\/1"}],"replies":[{"embeddable":true,"href":"https:\/\/maricatotal.com.br\/site\/wp-json\/wp\/v2\/comments?post=61705"}],"version-history":[{"count":1,"href":"https:\/\/maricatotal.com.br\/site\/wp-json\/wp\/v2\/posts\/61705\/revisions"}],"predecessor-version":[{"id":61708,"href":"https:\/\/maricatotal.com.br\/site\/wp-json\/wp\/v2\/posts\/61705\/revisions\/61708"}],"wp:featuredmedia":[{"embeddable":true,"href":"https:\/\/maricatotal.com.br\/site\/wp-json\/wp\/v2\/media\/61706"}],"wp:attachment":[{"href":"https:\/\/maricatotal.com.br\/site\/wp-json\/wp\/v2\/media?parent=61705"}],"wp:term":[{"taxonomy":"category","embeddable":true,"href":"https:\/\/maricatotal.com.br\/site\/wp-json\/wp\/v2\/categories?post=61705"},{"taxonomy":"post_tag","embeddable":true,"href":"https:\/\/maricatotal.com.br\/site\/wp-json\/wp\/v2\/tags?post=61705"}],"curies":[{"name":"wp","href":"https:\/\/api.w.org\/{rel}","templated":true}]}}